
{"id":94578,"date":"2021-05-03T10:22:57","date_gmt":"2021-05-03T13:22:57","guid":{"rendered":"https:\/\/www.sudoestehoje.com.br\/novoportal\/?p=94578"},"modified":"2021-05-03T10:22:57","modified_gmt":"2021-05-03T13:22:57","slug":"bahia-batida-causa-incendio-de-4-carros-na-serra-do-mutum-na-br-116","status":"publish","type":"post","link":"https:\/\/www.sudoestehoje.com.br\/novoportal\/2021\/05\/03\/bahia-batida-causa-incendio-de-4-carros-na-serra-do-mutum-na-br-116\/","title":{"rendered":"BAHIA: BATIDA CAUSA INC\u00caNDIO DE 4 CARROS NA SERRA DO MUTUM, NA BR- 116"},"content":{"rendered":"<p><a href=\"https:\/\/www.sudoestehoje.com.br\/novoportal\/wp-content\/uploads\/2021\/05\/4-CARROS-INCENDIO-MUTUM.jpg\"><img loading=\"lazy\" decoding=\"async\" class=\"aligncenter size-medium wp-image-94581\" src=\"https:\/\/www.sudoestehoje.com.br\/novoportal\/wp-content\/uploads\/2021\/05\/4-CARROS-INCENDIO-MUTUM-500x235.jpg\" alt=\"\" width=\"500\" height=\"235\" srcset=\"https:\/\/www.sudoestehoje.com.br\/novoportal\/wp-content\/uploads\/2021\/05\/4-CARROS-INCENDIO-MUTUM-500x235.jpg 500w, https:\/\/www.sudoestehoje.com.br\/novoportal\/wp-content\/uploads\/2021\/05\/4-CARROS-INCENDIO-MUTUM-700x329.jpg 700w, https:\/\/www.sudoestehoje.com.br\/novoportal\/wp-content\/uploads\/2021\/05\/4-CARROS-INCENDIO-MUTUM-768x361.jpg 768w, https:\/\/www.sudoestehoje.com.br\/novoportal\/wp-content\/uploads\/2021\/05\/4-CARROS-INCENDIO-MUTUM-1536x722.jpg 1536w, https:\/\/www.sudoestehoje.com.br\/novoportal\/wp-content\/uploads\/2021\/05\/4-CARROS-INCENDIO-MUTUM.jpg 1600w\" sizes=\"auto, (max-width: 500px) 100vw, 500px\" \/><\/a><\/p>\n<p>Tr\u00eas carretas e um carro pegaram fogo ap\u00f3s colidirem na BR-116 no trecho da Serra do Mutum, em Jaguaquara, sudoeste baiano. O acidente ocorreu na noite deste s\u00e1bado.<\/p>\n<p>Segundo informa\u00e7\u00f5es s\u00e3o da Pol\u00edcia Rodovi\u00e1ria Federal (PRF), ainda n\u00e3o h\u00e1 detalhes o que provocou a batida. Ainda conforme a PRF, uma das carretas estava carregada com \u00e1cido sulf\u00farico. Ningu\u00e9m ficou ferido na colis\u00e3o. De acordo com o G1, por causa do acidente, a via ficou interditada nos dois sentidos. N\u00e3o h\u00e1 confirma\u00e7\u00e3o de derramamento do \u00e1cido no trecho.<a href=\"https:\/\/www.sudoestehoje.com.br\/novoportal\/wp-content\/uploads\/2021\/05\/acidente_jaguaquara_05.jpg\"><img loading=\"lazy\" decoding=\"async\" class=\"aligncenter  wp-image-94580\" src=\"https:\/\/www.sudoestehoje.com.br\/novoportal\/wp-content\/uploads\/2021\/05\/acidente_jaguaquara_05.jpg\" alt=\"\" width=\"500\" height=\"374\" \/><\/a><\/p>\n<p>De acordo com a Via Bahia, que administra o trecho, o tr\u00e2nsito no local encontra-se parcialmente interditado, na manh\u00e3 deste domingo (2). A empresa respons\u00e1vel pela carga de \u00e1cido foi acionada para envio de ve\u00edculo ao local, para realizar o transporte do produto perigoso, e assim, liberar a via.<\/p>\n<p>Ainda segundo a PRF, o Corpo de Bombeiros, Instituto Brasileiro do Meio Ambiente e dos Recursos Naturais (Ibama) e o Instituto Do Meio Ambiente e Recursos H\u00eddricos (Inema) foram chamados para a ocorr\u00eancia.<\/p>\n","protected":false},"excerpt":{"rendered":"<p>Tr\u00eas carretas e um carro pegaram fogo ap\u00f3s colidirem na BR-116 no trecho da Serra do Mutum, em Jaguaquara, sudoeste baiano. O acidente ocorreu na noite deste s\u00e1bado. Segundo informa\u00e7\u00f5es s\u00e3o da Pol\u00edcia Rodovi\u00e1ria Federal (PRF), ainda n\u00e3o h\u00e1 detalhes o que provocou a batida. Ainda conforme a PRF, uma das carretas estava carregada com [&hellip;]<\/p>\n","protected":false},"author":2,"featured_media":94581,"comment_status":"open","ping_status":"open","sticky":false,"template":"","format":"standard","meta":{"footnotes":"","_links_to":"","_links_to_target":""},"categories":[1],"tags":[],"class_list":["post-94578","post","type-post","status-publish","format-standard","has-post-thumbnail","hentry","category-geral"],"views":919,"_links":{"self":[{"href":"https:\/\/www.sudoestehoje.com.br\/novoportal\/wp-json\/wp\/v2\/posts\/94578","targetHints":{"allow":["GET"]}}],"collection":[{"href":"https:\/\/www.sudoestehoje.com.br\/novoportal\/wp-json\/wp\/v2\/posts"}],"about":[{"href":"https:\/\/www.sudoestehoje.com.br\/novoportal\/wp-json\/wp\/v2\/types\/post"}],"author":[{"embeddable":true,"href":"https:\/\/www.sudoestehoje.com.br\/novoportal\/wp-json\/wp\/v2\/users\/2"}],"replies":[{"embeddable":true,"href":"https:\/\/www.sudoestehoje.com.br\/novoportal\/wp-json\/wp\/v2\/comments?post=94578"}],"version-history":[{"count":2,"href":"https:\/\/www.sudoestehoje.com.br\/novoportal\/wp-json\/wp\/v2\/posts\/94578\/revisions"}],"predecessor-version":[{"id":94582,"href":"https:\/\/www.sudoestehoje.com.br\/novoportal\/wp-json\/wp\/v2\/posts\/94578\/revisions\/94582"}],"wp:featuredmedia":[{"embeddable":true,"href":"https:\/\/www.sudoestehoje.com.br\/novoportal\/wp-json\/wp\/v2\/media\/94581"}],"wp:attachment":[{"href":"https:\/\/www.sudoestehoje.com.br\/novoportal\/wp-json\/wp\/v2\/media?parent=94578"}],"wp:term":[{"taxonomy":"category","embeddable":true,"href":"https:\/\/www.sudoestehoje.com.br\/novoportal\/wp-json\/wp\/v2\/categories?post=94578"},{"taxonomy":"post_tag","embeddable":true,"href":"https:\/\/www.sudoestehoje.com.br\/novoportal\/wp-json\/wp\/v2\/tags?post=94578"}],"curies":[{"name":"wp","href":"https:\/\/api.w.org\/{rel}","templated":true}]}}