
{"id":94564,"date":"2021-04-30T22:05:01","date_gmt":"2021-05-01T01:05:01","guid":{"rendered":"https:\/\/www.sudoestehoje.com.br\/novoportal\/?p=94564"},"modified":"2021-04-30T22:29:51","modified_gmt":"2021-05-01T01:29:51","slug":"itapetinga-mensagem-da-camara-de-vereadores-a-todos-os-trabalhadores","status":"publish","type":"post","link":"https:\/\/www.sudoestehoje.com.br\/novoportal\/2021\/04\/30\/itapetinga-mensagem-da-camara-de-vereadores-a-todos-os-trabalhadores\/","title":{"rendered":"ITAPETINGA: MENSAGEM DA C\u00c2MARA DE VEREADORES A TODOS OS TRABALHADORES"},"content":{"rendered":"<p><a href=\"https:\/\/www.sudoestehoje.com.br\/novoportal\/wp-content\/uploads\/2021\/04\/jonasdia-T.jpg\"><img loading=\"lazy\" decoding=\"async\" class=\"aligncenter size-medium wp-image-94565\" src=\"https:\/\/www.sudoestehoje.com.br\/novoportal\/wp-content\/uploads\/2021\/04\/jonasdia-T-500x428.jpg\" alt=\"\" width=\"500\" height=\"428\" srcset=\"https:\/\/www.sudoestehoje.com.br\/novoportal\/wp-content\/uploads\/2021\/04\/jonasdia-T-500x428.jpg 500w, https:\/\/www.sudoestehoje.com.br\/novoportal\/wp-content\/uploads\/2021\/04\/jonasdia-T-700x599.jpg 700w, https:\/\/www.sudoestehoje.com.br\/novoportal\/wp-content\/uploads\/2021\/04\/jonasdia-T-768x658.jpg 768w, https:\/\/www.sudoestehoje.com.br\/novoportal\/wp-content\/uploads\/2021\/04\/jonasdia-T.jpg 960w\" sizes=\"auto, (max-width: 500px) 100vw, 500px\" \/><\/a><\/p>\n<p class=\"ecxmsonormal\"><strong>Em 1\u00ba de maio celebramos uma data muito especial, o dia do trabalhador!<\/strong><\/p>\n<p class=\"ecxmsonormal\"><strong>Este \u00e9 um dia de reflex\u00e3o e para avaliarmos nossa participa\u00e7\u00e3o na constru\u00e7\u00e3o de um mundo mais humano.<\/strong><\/p>\n<p class=\"ecxmsonormal\"><strong>Seja na iniciativa privada ou no setor p\u00fablico, os trabalhadores de Itapetinga s\u00e3o homens e mulheres de f\u00e9, aguerridos e que nunca desistem diante das dificuldades. Dia a dia, derramam suor em favor de suas fam\u00edlias, mas tamb\u00e9m sempre pensando na coletividade, no bem-estar das crian\u00e7as, jovens, adultos e idosos da cidade.<\/strong><\/p>\n<p class=\"ecxmsonormal\"><strong>Nesta data, a Mesa Diretora da C\u00e2mara Municipal de Itapetinga gostaria de parabenizar cada um de voc\u00eas, cada profissional, que com o seu trabalho tornou-se respons\u00e1vel pela constru\u00e7\u00e3o e o desenvolvimento de nosso munic\u00edpio.<\/strong><\/p>\n<p class=\"ecxmsonormal\"><strong>Portanto a nossa gratid\u00e3o a voc\u00eas, por fazer de Itapetinga um lugar melhor de se viver, com mais dignidade e mais cidadania.<\/strong><\/p>\n<p class=\"ecxmsonormal\" style=\"text-align: left;\"><strong>Feliz Dia do Trabalhador!<\/strong><\/p>\n<p style=\"text-align: left;\"><strong>Vereador Anderson da Nova<\/strong><\/p>\n<p style=\"text-align: left;\"><strong>Presidente<\/strong><\/p>\n","protected":false},"excerpt":{"rendered":"<p>Em 1\u00ba de maio celebramos uma data muito especial, o dia do trabalhador! Este \u00e9 um dia de reflex\u00e3o e para avaliarmos nossa participa\u00e7\u00e3o na constru\u00e7\u00e3o de um mundo mais humano. Seja na iniciativa privada ou no setor p\u00fablico, os trabalhadores de Itapetinga s\u00e3o homens e mulheres de f\u00e9, aguerridos e que nunca desistem diante [&hellip;]<\/p>\n","protected":false},"author":2,"featured_media":94565,"comment_status":"open","ping_status":"open","sticky":false,"template":"","format":"standard","meta":{"footnotes":"","_links_to":"","_links_to_target":""},"categories":[1],"tags":[],"class_list":["post-94564","post","type-post","status-publish","format-standard","has-post-thumbnail","hentry","category-geral"],"views":822,"_links":{"self":[{"href":"https:\/\/www.sudoestehoje.com.br\/novoportal\/wp-json\/wp\/v2\/posts\/94564","targetHints":{"allow":["GET"]}}],"collection":[{"href":"https:\/\/www.sudoestehoje.com.br\/novoportal\/wp-json\/wp\/v2\/posts"}],"about":[{"href":"https:\/\/www.sudoestehoje.com.br\/novoportal\/wp-json\/wp\/v2\/types\/post"}],"author":[{"embeddable":true,"href":"https:\/\/www.sudoestehoje.com.br\/novoportal\/wp-json\/wp\/v2\/users\/2"}],"replies":[{"embeddable":true,"href":"https:\/\/www.sudoestehoje.com.br\/novoportal\/wp-json\/wp\/v2\/comments?post=94564"}],"version-history":[{"count":5,"href":"https:\/\/www.sudoestehoje.com.br\/novoportal\/wp-json\/wp\/v2\/posts\/94564\/revisions"}],"predecessor-version":[{"id":94570,"href":"https:\/\/www.sudoestehoje.com.br\/novoportal\/wp-json\/wp\/v2\/posts\/94564\/revisions\/94570"}],"wp:featuredmedia":[{"embeddable":true,"href":"https:\/\/www.sudoestehoje.com.br\/novoportal\/wp-json\/wp\/v2\/media\/94565"}],"wp:attachment":[{"href":"https:\/\/www.sudoestehoje.com.br\/novoportal\/wp-json\/wp\/v2\/media?parent=94564"}],"wp:term":[{"taxonomy":"category","embeddable":true,"href":"https:\/\/www.sudoestehoje.com.br\/novoportal\/wp-json\/wp\/v2\/categories?post=94564"},{"taxonomy":"post_tag","embeddable":true,"href":"https:\/\/www.sudoestehoje.com.br\/novoportal\/wp-json\/wp\/v2\/tags?post=94564"}],"curies":[{"name":"wp","href":"https:\/\/api.w.org\/{rel}","templated":true}]}}