
{"id":94557,"date":"2021-04-30T09:52:31","date_gmt":"2021-04-30T12:52:31","guid":{"rendered":"https:\/\/www.sudoestehoje.com.br\/novoportal\/?p=94557"},"modified":"2021-04-30T10:15:40","modified_gmt":"2021-04-30T13:15:40","slug":"itapetinga-vereadora-manu-brandao-pede-reducao-da-jornada-de-trabalho-dos-profissionais-de-enfermagem","status":"publish","type":"post","link":"https:\/\/www.sudoestehoje.com.br\/novoportal\/2021\/04\/30\/itapetinga-vereadora-manu-brandao-pede-reducao-da-jornada-de-trabalho-dos-profissionais-de-enfermagem\/","title":{"rendered":"ITAPETINGA: VEREADORA MANU BRAND\u00c3O PEDE REDU\u00c7\u00c3O DA JORNADA DE TRABALHO DOS PROFISSIONAIS DE ENFERMAGEM"},"content":{"rendered":"<p><a href=\"https:\/\/www.sudoestehoje.com.br\/novoportal\/wp-content\/uploads\/2021\/04\/manu-2.jpeg\"><img loading=\"lazy\" decoding=\"async\" class=\"aligncenter size-medium wp-image-94559\" src=\"https:\/\/www.sudoestehoje.com.br\/novoportal\/wp-content\/uploads\/2021\/04\/manu-2-500x374.jpeg\" alt=\"\" width=\"500\" height=\"374\" srcset=\"https:\/\/www.sudoestehoje.com.br\/novoportal\/wp-content\/uploads\/2021\/04\/manu-2-500x374.jpeg 500w, https:\/\/www.sudoestehoje.com.br\/novoportal\/wp-content\/uploads\/2021\/04\/manu-2-700x524.jpeg 700w, https:\/\/www.sudoestehoje.com.br\/novoportal\/wp-content\/uploads\/2021\/04\/manu-2-768x575.jpeg 768w, https:\/\/www.sudoestehoje.com.br\/novoportal\/wp-content\/uploads\/2021\/04\/manu-2.jpeg 1280w\" sizes=\"auto, (max-width: 500px) 100vw, 500px\" \/><\/a><\/p>\n<p>Nesta quinta-feira (29), a vereadora Manu Brand\u00e3o (MDB) protocolou na Prefeitura Municipal de Itapetinga a minuta que dever\u00e1 servir de base para um Projeto de Lei reduzindo a carga hor\u00e1ria dos servidores da \u00e1era de enfermagem, para 30 horas semanais, ao inv\u00e9s da 40 horas atuais.<\/p>\n<p>Com o mesmo objeto, a vereadora ingressou com uma Indica\u00e7\u00e3o ao prefeito na c\u00e2mara de Vereadores, que dever\u00e1 ser apreciada e votada nas pr\u00f3ximas sess\u00f5es.<\/p>\n<p><a href=\"https:\/\/www.sudoestehoje.com.br\/novoportal\/wp-content\/uploads\/2021\/04\/manu-1.jpeg\"><img loading=\"lazy\" decoding=\"async\" class=\"aligncenter size-medium wp-image-94560\" src=\"https:\/\/www.sudoestehoje.com.br\/novoportal\/wp-content\/uploads\/2021\/04\/manu-1-500x375.jpeg\" alt=\"\" width=\"500\" height=\"375\" srcset=\"https:\/\/www.sudoestehoje.com.br\/novoportal\/wp-content\/uploads\/2021\/04\/manu-1-500x375.jpeg 500w, https:\/\/www.sudoestehoje.com.br\/novoportal\/wp-content\/uploads\/2021\/04\/manu-1-700x525.jpeg 700w, https:\/\/www.sudoestehoje.com.br\/novoportal\/wp-content\/uploads\/2021\/04\/manu-1-768x576.jpeg 768w, https:\/\/www.sudoestehoje.com.br\/novoportal\/wp-content\/uploads\/2021\/04\/manu-1.jpeg 958w\" sizes=\"auto, (max-width: 500px) 100vw, 500px\" \/><\/a><\/p>\n<p>Nas redes sociais a vereadores se manifestou: &#8220;<em>Visando assegurar uma jornada de trabalho mais digna e apropriada para profissionais de enfermagem, solicitei do prefeito @Rodrigo que seja encaminhada ao poder Legislativo, com maior brevidade poss\u00edvel, projeto de lei reduzindo carga hor\u00e1ria para 30 horas semanais&#8221;<\/em>. <strong><em>Confira Indica\u00e7\u00e3o:<\/em><\/strong><\/p>\n<p><strong><a href=\"https:\/\/www.sudoestehoje.com.br\/novoportal\/wp-content\/uploads\/2021\/04\/PROJETO-MANU.pdf\">PROJETO MANU<\/a><\/strong><\/p>\n","protected":false},"excerpt":{"rendered":"<p>Nesta quinta-feira (29), a vereadora Manu Brand\u00e3o (MDB) protocolou na Prefeitura Municipal de Itapetinga a minuta que dever\u00e1 servir de base para um Projeto de Lei reduzindo a carga hor\u00e1ria dos servidores da \u00e1era de enfermagem, para 30 horas semanais, ao inv\u00e9s da 40 horas atuais. Com o mesmo objeto, a vereadora ingressou com uma [&hellip;]<\/p>\n","protected":false},"author":2,"featured_media":94559,"comment_status":"open","ping_status":"open","sticky":false,"template":"","format":"standard","meta":{"footnotes":"","_links_to":"","_links_to_target":""},"categories":[1],"tags":[],"class_list":["post-94557","post","type-post","status-publish","format-standard","has-post-thumbnail","hentry","category-geral"],"views":1038,"_links":{"self":[{"href":"https:\/\/www.sudoestehoje.com.br\/novoportal\/wp-json\/wp\/v2\/posts\/94557","targetHints":{"allow":["GET"]}}],"collection":[{"href":"https:\/\/www.sudoestehoje.com.br\/novoportal\/wp-json\/wp\/v2\/posts"}],"about":[{"href":"https:\/\/www.sudoestehoje.com.br\/novoportal\/wp-json\/wp\/v2\/types\/post"}],"author":[{"embeddable":true,"href":"https:\/\/www.sudoestehoje.com.br\/novoportal\/wp-json\/wp\/v2\/users\/2"}],"replies":[{"embeddable":true,"href":"https:\/\/www.sudoestehoje.com.br\/novoportal\/wp-json\/wp\/v2\/comments?post=94557"}],"version-history":[{"count":3,"href":"https:\/\/www.sudoestehoje.com.br\/novoportal\/wp-json\/wp\/v2\/posts\/94557\/revisions"}],"predecessor-version":[{"id":94563,"href":"https:\/\/www.sudoestehoje.com.br\/novoportal\/wp-json\/wp\/v2\/posts\/94557\/revisions\/94563"}],"wp:featuredmedia":[{"embeddable":true,"href":"https:\/\/www.sudoestehoje.com.br\/novoportal\/wp-json\/wp\/v2\/media\/94559"}],"wp:attachment":[{"href":"https:\/\/www.sudoestehoje.com.br\/novoportal\/wp-json\/wp\/v2\/media?parent=94557"}],"wp:term":[{"taxonomy":"category","embeddable":true,"href":"https:\/\/www.sudoestehoje.com.br\/novoportal\/wp-json\/wp\/v2\/categories?post=94557"},{"taxonomy":"post_tag","embeddable":true,"href":"https:\/\/www.sudoestehoje.com.br\/novoportal\/wp-json\/wp\/v2\/tags?post=94557"}],"curies":[{"name":"wp","href":"https:\/\/api.w.org\/{rel}","templated":true}]}}