
{"id":94551,"date":"2021-04-29T17:43:28","date_gmt":"2021-04-29T20:43:28","guid":{"rendered":"https:\/\/www.sudoestehoje.com.br\/novoportal\/?p=94551"},"modified":"2021-04-29T17:43:28","modified_gmt":"2021-04-29T20:43:28","slug":"humorista-de-itapetinga-e-contratado-pelo-sbt-e-ira-compor-o-quadro-a-praca-e-nossa","status":"publish","type":"post","link":"https:\/\/www.sudoestehoje.com.br\/novoportal\/2021\/04\/29\/humorista-de-itapetinga-e-contratado-pelo-sbt-e-ira-compor-o-quadro-a-praca-e-nossa\/","title":{"rendered":"HUMORISTA DE ITAPETINGA \u00c9 CONTRATADO PELO SBT E IR\u00c1 COMPOR O QUADRO &#8216;A PRA\u00c7A \u00c9 NOSSA&#8217;"},"content":{"rendered":"<p><a href=\"https:\/\/www.sudoestehoje.com.br\/novoportal\/wp-content\/uploads\/2021\/04\/HUMORISTA-ITAPETINGA.jpeg\"><img loading=\"lazy\" decoding=\"async\" class=\"aligncenter size-medium wp-image-94552\" src=\"https:\/\/www.sudoestehoje.com.br\/novoportal\/wp-content\/uploads\/2021\/04\/HUMORISTA-ITAPETINGA-500x391.jpeg\" alt=\"\" width=\"500\" height=\"391\" srcset=\"https:\/\/www.sudoestehoje.com.br\/novoportal\/wp-content\/uploads\/2021\/04\/HUMORISTA-ITAPETINGA-500x391.jpeg 500w, https:\/\/www.sudoestehoje.com.br\/novoportal\/wp-content\/uploads\/2021\/04\/HUMORISTA-ITAPETINGA-700x547.jpeg 700w, https:\/\/www.sudoestehoje.com.br\/novoportal\/wp-content\/uploads\/2021\/04\/HUMORISTA-ITAPETINGA.jpeg 768w\" sizes=\"auto, (max-width: 500px) 100vw, 500px\" \/><\/a><\/p>\n<p>Nesta quinta-feira (29), o programa \u201cA Pra\u00e7a \u00e9 Nossa\u201d do SBT ter\u00e1 um novo refor\u00e7o ao elenco j\u00e1 tradicional.\u00a0A atra\u00e7\u00e3o tem mais um integrante, o humorista do interior da Bahia, Edmon Santos, de 24 anos, natural de Itapetinga, Sudoeste do Estado.<\/p>\n<p>O ator ser\u00e1 apresentado ao p\u00fablico no programa desta quinta (29) com o personagem \u201cVov\u00f3 Sofia&#8221;.<\/p>\n<p><a href=\"https:\/\/www.sudoestehoje.com.br\/novoportal\/wp-content\/uploads\/2021\/04\/itapetinguense-praca-e-nossa-sbt.jpeg\"><img loading=\"lazy\" decoding=\"async\" class=\"aligncenter size-medium wp-image-94553\" src=\"https:\/\/www.sudoestehoje.com.br\/novoportal\/wp-content\/uploads\/2021\/04\/itapetinguense-praca-e-nossa-sbt-500x313.jpeg\" alt=\"\" width=\"500\" height=\"313\" srcset=\"https:\/\/www.sudoestehoje.com.br\/novoportal\/wp-content\/uploads\/2021\/04\/itapetinguense-praca-e-nossa-sbt-500x313.jpeg 500w, https:\/\/www.sudoestehoje.com.br\/novoportal\/wp-content\/uploads\/2021\/04\/itapetinguense-praca-e-nossa-sbt-700x438.jpeg 700w, https:\/\/www.sudoestehoje.com.br\/novoportal\/wp-content\/uploads\/2021\/04\/itapetinguense-praca-e-nossa-sbt.jpeg 768w\" sizes=\"auto, (max-width: 500px) 100vw, 500px\" \/><\/a><\/p>\n<p>Nas redes sociais o jovem comemorou o sonho de est\u00e1 na TV, \u201cestou muito feliz est\u00e1 no programa que considero ser o mais engra\u00e7ado do Brasil, um programa para rir de verdade\u201d, elogiou o humorista.<\/p>\n","protected":false},"excerpt":{"rendered":"<p>Nesta quinta-feira (29), o programa \u201cA Pra\u00e7a \u00e9 Nossa\u201d do SBT ter\u00e1 um novo refor\u00e7o ao elenco j\u00e1 tradicional.\u00a0A atra\u00e7\u00e3o tem mais um integrante, o humorista do interior da Bahia, Edmon Santos, de 24 anos, natural de Itapetinga, Sudoeste do Estado. O ator ser\u00e1 apresentado ao p\u00fablico no programa desta quinta (29) com o personagem [&hellip;]<\/p>\n","protected":false},"author":2,"featured_media":94552,"comment_status":"open","ping_status":"open","sticky":false,"template":"","format":"standard","meta":{"footnotes":"","_links_to":"","_links_to_target":""},"categories":[1],"tags":[],"class_list":["post-94551","post","type-post","status-publish","format-standard","has-post-thumbnail","hentry","category-geral"],"views":1266,"_links":{"self":[{"href":"https:\/\/www.sudoestehoje.com.br\/novoportal\/wp-json\/wp\/v2\/posts\/94551","targetHints":{"allow":["GET"]}}],"collection":[{"href":"https:\/\/www.sudoestehoje.com.br\/novoportal\/wp-json\/wp\/v2\/posts"}],"about":[{"href":"https:\/\/www.sudoestehoje.com.br\/novoportal\/wp-json\/wp\/v2\/types\/post"}],"author":[{"embeddable":true,"href":"https:\/\/www.sudoestehoje.com.br\/novoportal\/wp-json\/wp\/v2\/users\/2"}],"replies":[{"embeddable":true,"href":"https:\/\/www.sudoestehoje.com.br\/novoportal\/wp-json\/wp\/v2\/comments?post=94551"}],"version-history":[{"count":3,"href":"https:\/\/www.sudoestehoje.com.br\/novoportal\/wp-json\/wp\/v2\/posts\/94551\/revisions"}],"predecessor-version":[{"id":94556,"href":"https:\/\/www.sudoestehoje.com.br\/novoportal\/wp-json\/wp\/v2\/posts\/94551\/revisions\/94556"}],"wp:featuredmedia":[{"embeddable":true,"href":"https:\/\/www.sudoestehoje.com.br\/novoportal\/wp-json\/wp\/v2\/media\/94552"}],"wp:attachment":[{"href":"https:\/\/www.sudoestehoje.com.br\/novoportal\/wp-json\/wp\/v2\/media?parent=94551"}],"wp:term":[{"taxonomy":"category","embeddable":true,"href":"https:\/\/www.sudoestehoje.com.br\/novoportal\/wp-json\/wp\/v2\/categories?post=94551"},{"taxonomy":"post_tag","embeddable":true,"href":"https:\/\/www.sudoestehoje.com.br\/novoportal\/wp-json\/wp\/v2\/tags?post=94551"}],"curies":[{"name":"wp","href":"https:\/\/api.w.org\/{rel}","templated":true}]}}