
{"id":94513,"date":"2021-04-28T19:05:25","date_gmt":"2021-04-28T22:05:25","guid":{"rendered":"https:\/\/www.sudoestehoje.com.br\/novoportal\/?p=94513"},"modified":"2021-04-28T19:05:25","modified_gmt":"2021-04-28T22:05:25","slug":"ex-deputado-eduardo-cunha-tem-prisao-revogada-pelo-trf-4","status":"publish","type":"post","link":"https:\/\/www.sudoestehoje.com.br\/novoportal\/2021\/04\/28\/ex-deputado-eduardo-cunha-tem-prisao-revogada-pelo-trf-4\/","title":{"rendered":"EX- DEPUTADO EDUARDO CUNHA TEM PRIS\u00c3O REVOGADA PELO TRF-4"},"content":{"rendered":"<p><a href=\"https:\/\/www.sudoestehoje.com.br\/novoportal\/wp-content\/uploads\/2021\/04\/CUNHA.jpg\"><img loading=\"lazy\" decoding=\"async\" class=\"size-medium wp-image-94514\" src=\"https:\/\/www.sudoestehoje.com.br\/novoportal\/wp-content\/uploads\/2021\/04\/CUNHA-500x282.jpg\" alt=\"\" width=\"500\" height=\"282\" srcset=\"https:\/\/www.sudoestehoje.com.br\/novoportal\/wp-content\/uploads\/2021\/04\/CUNHA-500x282.jpg 500w, https:\/\/www.sudoestehoje.com.br\/novoportal\/wp-content\/uploads\/2021\/04\/CUNHA.jpg 660w\" sizes=\"auto, (max-width: 500px) 100vw, 500px\" \/><\/a><\/p>\n<p>O Tribunal Regional Federal da 4\u00aa Regi\u00e3o (TRF-4), respons\u00e1vel pelo julgamento de apela\u00e7\u00f5es das a\u00e7\u00f5es da 13\u00aa Vara Criminal Federal de Curitiba, base e origem da Opera\u00e7\u00e3o Lava Jato, revogou nesta quarta-feira (28), a pris\u00e3o preventiva do ex-presidente da C\u00e2mara dos Deputados Eduardo Cunha.<\/p>\n<p>Em vota\u00e7\u00e3o un\u00e2nime, os desembargadores mantiveram apenas a proibi\u00e7\u00e3o a viagens internacionais, mas suspenderam o uso de tornozeleira eletr\u00f4nica. A decis\u00e3o foi tomada na an\u00e1lise de um recurso apresentado pela defesa.<\/p>\n<p>&#8220;Finalmente a Justi\u00e7a come\u00e7a a ser concretizada&#8221; afirmam os advogados Ticiano Figueiredo, Pedro Ivo Velloso e Rafael Guedes, que defendem o ex-deputado.<\/p>\n<p>Condenado em novembro de 2017, pelo pr\u00f3prio TFR4, a 14 anos e seis meses de pris\u00e3o por corrup\u00e7\u00e3o passiva, evas\u00e3o fraudulenta de divisas e lavagem de dinheiro, Cunha foi preso preventivamente pouco mais de um ano antes, em outubro de 2016.<\/p>\n","protected":false},"excerpt":{"rendered":"<p>O Tribunal Regional Federal da 4\u00aa Regi\u00e3o (TRF-4), respons\u00e1vel pelo julgamento de apela\u00e7\u00f5es das a\u00e7\u00f5es da 13\u00aa Vara Criminal Federal de Curitiba, base e origem da Opera\u00e7\u00e3o Lava Jato, revogou nesta quarta-feira (28), a pris\u00e3o preventiva do ex-presidente da C\u00e2mara dos Deputados Eduardo Cunha. Em vota\u00e7\u00e3o un\u00e2nime, os desembargadores mantiveram apenas a proibi\u00e7\u00e3o a viagens [&hellip;]<\/p>\n","protected":false},"author":2,"featured_media":94514,"comment_status":"open","ping_status":"open","sticky":false,"template":"","format":"standard","meta":{"footnotes":"","_links_to":"","_links_to_target":""},"categories":[1],"tags":[],"class_list":["post-94513","post","type-post","status-publish","format-standard","has-post-thumbnail","hentry","category-geral"],"views":902,"_links":{"self":[{"href":"https:\/\/www.sudoestehoje.com.br\/novoportal\/wp-json\/wp\/v2\/posts\/94513","targetHints":{"allow":["GET"]}}],"collection":[{"href":"https:\/\/www.sudoestehoje.com.br\/novoportal\/wp-json\/wp\/v2\/posts"}],"about":[{"href":"https:\/\/www.sudoestehoje.com.br\/novoportal\/wp-json\/wp\/v2\/types\/post"}],"author":[{"embeddable":true,"href":"https:\/\/www.sudoestehoje.com.br\/novoportal\/wp-json\/wp\/v2\/users\/2"}],"replies":[{"embeddable":true,"href":"https:\/\/www.sudoestehoje.com.br\/novoportal\/wp-json\/wp\/v2\/comments?post=94513"}],"version-history":[{"count":2,"href":"https:\/\/www.sudoestehoje.com.br\/novoportal\/wp-json\/wp\/v2\/posts\/94513\/revisions"}],"predecessor-version":[{"id":94516,"href":"https:\/\/www.sudoestehoje.com.br\/novoportal\/wp-json\/wp\/v2\/posts\/94513\/revisions\/94516"}],"wp:featuredmedia":[{"embeddable":true,"href":"https:\/\/www.sudoestehoje.com.br\/novoportal\/wp-json\/wp\/v2\/media\/94514"}],"wp:attachment":[{"href":"https:\/\/www.sudoestehoje.com.br\/novoportal\/wp-json\/wp\/v2\/media?parent=94513"}],"wp:term":[{"taxonomy":"category","embeddable":true,"href":"https:\/\/www.sudoestehoje.com.br\/novoportal\/wp-json\/wp\/v2\/categories?post=94513"},{"taxonomy":"post_tag","embeddable":true,"href":"https:\/\/www.sudoestehoje.com.br\/novoportal\/wp-json\/wp\/v2\/tags?post=94513"}],"curies":[{"name":"wp","href":"https:\/\/api.w.org\/{rel}","templated":true}]}}