
{"id":94506,"date":"2021-04-27T12:18:21","date_gmt":"2021-04-27T15:18:21","guid":{"rendered":"https:\/\/www.sudoestehoje.com.br\/novoportal\/?p=94506"},"modified":"2021-04-27T12:18:21","modified_gmt":"2021-04-27T15:18:21","slug":"itapetinga-valquirao-tomara-posse-em-sessao-solene-da-camara-municipal","status":"publish","type":"post","link":"https:\/\/www.sudoestehoje.com.br\/novoportal\/2021\/04\/27\/itapetinga-valquirao-tomara-posse-em-sessao-solene-da-camara-municipal\/","title":{"rendered":"ITAPETINGA: VALQUIR\u00c3O TOMAR\u00c1 POSSE EM SESS\u00c3O SOLENE DA C\u00c2MARA MUNICIPAL"},"content":{"rendered":"<p><a href=\"https:\/\/www.sudoestehoje.com.br\/novoportal\/wp-content\/uploads\/2021\/04\/Valquir\u00e3o-mesa.jpeg\"><img loading=\"lazy\" decoding=\"async\" class=\"aligncenter size-medium wp-image-94509\" src=\"https:\/\/www.sudoestehoje.com.br\/novoportal\/wp-content\/uploads\/2021\/04\/Valquir\u00e3o-mesa-500x375.jpeg\" alt=\"\" width=\"500\" height=\"375\" srcset=\"https:\/\/www.sudoestehoje.com.br\/novoportal\/wp-content\/uploads\/2021\/04\/Valquir\u00e3o-mesa-500x375.jpeg 500w, https:\/\/www.sudoestehoje.com.br\/novoportal\/wp-content\/uploads\/2021\/04\/Valquir\u00e3o-mesa-700x525.jpeg 700w, https:\/\/www.sudoestehoje.com.br\/novoportal\/wp-content\/uploads\/2021\/04\/Valquir\u00e3o-mesa-768x576.jpeg 768w, https:\/\/www.sudoestehoje.com.br\/novoportal\/wp-content\/uploads\/2021\/04\/Valquir\u00e3o-mesa.jpeg 1280w\" sizes=\"auto, (max-width: 500px) 100vw, 500px\" \/><\/a><\/p>\n<p>Na manh\u00e3 desta ter\u00e7a-feira (27), o suplente de vereador pelo PSD, Valqu\u00edrio Lima ( Valquir\u00e3o), se reuniu com a Mesa Diretora da C\u00e2mara Municipal, para acertar os detalhes da sua posse no cargo, em fun\u00e7\u00e3o do falecimento do vereador Leonardo Matos, presidente da Casa.<\/p>\n<p>Na reuni\u00e3o, Valquir\u00e3o foi informado que na pr\u00f3xima sess\u00e3o legislativa a ser realizada na quarta-feira (5), o presidente em exerc\u00edcio Anderson da Nova ir\u00e1 comunicar a vac\u00e2ncia do cargo, na forma regimental, e anunciar a posse para a sess\u00e3o seguinte, na quinta-feira ( 6), quando ser\u00e1 realizado um ato solene de posse e homenagem ao ex-presidente L\u00e9o Matos.<\/p>\n<p>Na secretaria da c\u00e2mara, Valqu\u00edrio Lima fez a entrega de toda a documenta\u00e7\u00e3o exigida para a posse e acertou os detalhes do ato solene.<\/p>\n<p><strong><em>Por Davi Ferraz<\/em><\/strong><\/p>\n","protected":false},"excerpt":{"rendered":"<p>Na manh\u00e3 desta ter\u00e7a-feira (27), o suplente de vereador pelo PSD, Valqu\u00edrio Lima ( Valquir\u00e3o), se reuniu com a Mesa Diretora da C\u00e2mara Municipal, para acertar os detalhes da sua posse no cargo, em fun\u00e7\u00e3o do falecimento do vereador Leonardo Matos, presidente da Casa. Na reuni\u00e3o, Valquir\u00e3o foi informado que na pr\u00f3xima sess\u00e3o legislativa a [&hellip;]<\/p>\n","protected":false},"author":2,"featured_media":94509,"comment_status":"open","ping_status":"open","sticky":false,"template":"","format":"standard","meta":{"footnotes":"","_links_to":"","_links_to_target":""},"categories":[1],"tags":[],"class_list":["post-94506","post","type-post","status-publish","format-standard","has-post-thumbnail","hentry","category-geral"],"views":967,"_links":{"self":[{"href":"https:\/\/www.sudoestehoje.com.br\/novoportal\/wp-json\/wp\/v2\/posts\/94506","targetHints":{"allow":["GET"]}}],"collection":[{"href":"https:\/\/www.sudoestehoje.com.br\/novoportal\/wp-json\/wp\/v2\/posts"}],"about":[{"href":"https:\/\/www.sudoestehoje.com.br\/novoportal\/wp-json\/wp\/v2\/types\/post"}],"author":[{"embeddable":true,"href":"https:\/\/www.sudoestehoje.com.br\/novoportal\/wp-json\/wp\/v2\/users\/2"}],"replies":[{"embeddable":true,"href":"https:\/\/www.sudoestehoje.com.br\/novoportal\/wp-json\/wp\/v2\/comments?post=94506"}],"version-history":[{"count":5,"href":"https:\/\/www.sudoestehoje.com.br\/novoportal\/wp-json\/wp\/v2\/posts\/94506\/revisions"}],"predecessor-version":[{"id":94512,"href":"https:\/\/www.sudoestehoje.com.br\/novoportal\/wp-json\/wp\/v2\/posts\/94506\/revisions\/94512"}],"wp:featuredmedia":[{"embeddable":true,"href":"https:\/\/www.sudoestehoje.com.br\/novoportal\/wp-json\/wp\/v2\/media\/94509"}],"wp:attachment":[{"href":"https:\/\/www.sudoestehoje.com.br\/novoportal\/wp-json\/wp\/v2\/media?parent=94506"}],"wp:term":[{"taxonomy":"category","embeddable":true,"href":"https:\/\/www.sudoestehoje.com.br\/novoportal\/wp-json\/wp\/v2\/categories?post=94506"},{"taxonomy":"post_tag","embeddable":true,"href":"https:\/\/www.sudoestehoje.com.br\/novoportal\/wp-json\/wp\/v2\/tags?post=94506"}],"curies":[{"name":"wp","href":"https:\/\/api.w.org\/{rel}","templated":true}]}}