
{"id":94496,"date":"2021-04-26T21:05:24","date_gmt":"2021-04-27T00:05:24","guid":{"rendered":"https:\/\/www.sudoestehoje.com.br\/novoportal\/?p=94496"},"modified":"2021-04-26T21:05:24","modified_gmt":"2021-04-27T00:05:24","slug":"justica-do-df-proibe-renan-calheiros-de-assumir-relatoria-da-cpi-da-covid-19","status":"publish","type":"post","link":"https:\/\/www.sudoestehoje.com.br\/novoportal\/2021\/04\/26\/justica-do-df-proibe-renan-calheiros-de-assumir-relatoria-da-cpi-da-covid-19\/","title":{"rendered":"JUSTI\u00c7A DO DF PRO\u00cdBE RENAN CALHEIROS DE ASSUMIR RELATORIA DA CPI DA COVID-19"},"content":{"rendered":"<p><a href=\"https:\/\/www.sudoestehoje.com.br\/novoportal\/wp-content\/uploads\/2021\/04\/RENAN-CALHEIROS-2020-12.jpg\"><img loading=\"lazy\" decoding=\"async\" class=\"aligncenter size-medium wp-image-94499\" src=\"https:\/\/www.sudoestehoje.com.br\/novoportal\/wp-content\/uploads\/2021\/04\/RENAN-CALHEIROS-2020-12-500x333.jpg\" alt=\"\" width=\"500\" height=\"333\" srcset=\"https:\/\/www.sudoestehoje.com.br\/novoportal\/wp-content\/uploads\/2021\/04\/RENAN-CALHEIROS-2020-12-500x333.jpg 500w, https:\/\/www.sudoestehoje.com.br\/novoportal\/wp-content\/uploads\/2021\/04\/RENAN-CALHEIROS-2020-12.jpg 680w\" sizes=\"auto, (max-width: 500px) 100vw, 500px\" \/><\/a><\/p>\n<p>A Justi\u00e7a Federal no DF proibiu h\u00e1 pouco que o senador Renan Calheiros assuma o posto de relator da CPI da Covid-19 no Senado.<\/p>\n<p><em>\u201cDetermino que a Uni\u00e3o diligencie junto ao Senado da Rep\u00fablica, na pessoa do seu presidente (Rodrigo Pacheco), para que este obste a submiss\u00e3o do nome do senador Jos\u00e9 Renan Vasconcelos Calheiros\u00a0\u00e0 vota\u00e7\u00e3o para a composi\u00e7\u00e3o da CPI da Covid-19 na condi\u00e7\u00e3o de relator, exclusivamente at\u00e9 a juntada das manifesta\u00e7\u00f5es preliminares dos requeridos quanto ao pedido de tutela de urg\u00eancia formulado pela autora\u201d<\/em>, diz o despacho do juiz federal Charles Renaud Fraz\u00e3o de Moraes.<\/p>\n<p>A decis\u00e3o de Moraes atende a um pedido da deputada bolsonarista Carla Zambelli. Calheiros promete recorrer.<\/p>\n","protected":false},"excerpt":{"rendered":"<p>A Justi\u00e7a Federal no DF proibiu h\u00e1 pouco que o senador Renan Calheiros assuma o posto de relator da CPI da Covid-19 no Senado. \u201cDetermino que a Uni\u00e3o diligencie junto ao Senado da Rep\u00fablica, na pessoa do seu presidente (Rodrigo Pacheco), para que este obste a submiss\u00e3o do nome do senador Jos\u00e9 Renan Vasconcelos Calheiros\u00a0\u00e0 [&hellip;]<\/p>\n","protected":false},"author":2,"featured_media":94499,"comment_status":"open","ping_status":"open","sticky":false,"template":"","format":"standard","meta":{"footnotes":"","_links_to":"","_links_to_target":""},"categories":[1],"tags":[],"class_list":["post-94496","post","type-post","status-publish","format-standard","has-post-thumbnail","hentry","category-geral"],"views":846,"_links":{"self":[{"href":"https:\/\/www.sudoestehoje.com.br\/novoportal\/wp-json\/wp\/v2\/posts\/94496","targetHints":{"allow":["GET"]}}],"collection":[{"href":"https:\/\/www.sudoestehoje.com.br\/novoportal\/wp-json\/wp\/v2\/posts"}],"about":[{"href":"https:\/\/www.sudoestehoje.com.br\/novoportal\/wp-json\/wp\/v2\/types\/post"}],"author":[{"embeddable":true,"href":"https:\/\/www.sudoestehoje.com.br\/novoportal\/wp-json\/wp\/v2\/users\/2"}],"replies":[{"embeddable":true,"href":"https:\/\/www.sudoestehoje.com.br\/novoportal\/wp-json\/wp\/v2\/comments?post=94496"}],"version-history":[{"count":4,"href":"https:\/\/www.sudoestehoje.com.br\/novoportal\/wp-json\/wp\/v2\/posts\/94496\/revisions"}],"predecessor-version":[{"id":94501,"href":"https:\/\/www.sudoestehoje.com.br\/novoportal\/wp-json\/wp\/v2\/posts\/94496\/revisions\/94501"}],"wp:featuredmedia":[{"embeddable":true,"href":"https:\/\/www.sudoestehoje.com.br\/novoportal\/wp-json\/wp\/v2\/media\/94499"}],"wp:attachment":[{"href":"https:\/\/www.sudoestehoje.com.br\/novoportal\/wp-json\/wp\/v2\/media?parent=94496"}],"wp:term":[{"taxonomy":"category","embeddable":true,"href":"https:\/\/www.sudoestehoje.com.br\/novoportal\/wp-json\/wp\/v2\/categories?post=94496"},{"taxonomy":"post_tag","embeddable":true,"href":"https:\/\/www.sudoestehoje.com.br\/novoportal\/wp-json\/wp\/v2\/tags?post=94496"}],"curies":[{"name":"wp","href":"https:\/\/api.w.org\/{rel}","templated":true}]}}