
{"id":94487,"date":"2021-04-26T15:11:24","date_gmt":"2021-04-26T18:11:24","guid":{"rendered":"https:\/\/www.sudoestehoje.com.br\/novoportal\/?p=94487"},"modified":"2021-04-26T15:22:21","modified_gmt":"2021-04-26T18:22:21","slug":"itapetinga-policia-civil-nao-ve-indicio-de-crime-na-morte-do-vereador-leo-matos","status":"publish","type":"post","link":"https:\/\/www.sudoestehoje.com.br\/novoportal\/2021\/04\/26\/itapetinga-policia-civil-nao-ve-indicio-de-crime-na-morte-do-vereador-leo-matos\/","title":{"rendered":"ITAPETINGA: POL\u00cdCIA CIVIL N\u00c3O V\u00ca IND\u00cdCIO DE CRIME NA MORTE DO VEREADOR L\u00c9O MATOS"},"content":{"rendered":"<p><a href=\"https:\/\/www.sudoestehoje.com.br\/novoportal\/wp-content\/uploads\/2021\/04\/luto-leo-matos-vereador-itapetinga-1.jpg\"><img loading=\"lazy\" decoding=\"async\" class=\"aligncenter size-medium wp-image-94489\" src=\"https:\/\/www.sudoestehoje.com.br\/novoportal\/wp-content\/uploads\/2021\/04\/luto-leo-matos-vereador-itapetinga-1-500x300.jpg\" alt=\"\" width=\"500\" height=\"300\" srcset=\"https:\/\/www.sudoestehoje.com.br\/novoportal\/wp-content\/uploads\/2021\/04\/luto-leo-matos-vereador-itapetinga-1-500x300.jpg 500w, https:\/\/www.sudoestehoje.com.br\/novoportal\/wp-content\/uploads\/2021\/04\/luto-leo-matos-vereador-itapetinga-1.jpg 650w\" sizes=\"auto, (max-width: 500px) 100vw, 500px\" \/><\/a><\/p>\n<p>As investiga\u00e7\u00f5es da Pol\u00edcia Civil indicam que o presidente da C\u00e2mara de Vereadores de Itapetinga, Leonardo Rodrigues Matos (PSD),\u00a0encontrado morto no a\u00e7ude da sua fazenda na manh\u00e3 deste domingo (25), n\u00e3o foi v\u00edtima de crime, mas de um <strong>mal s\u00fabito<\/strong>.<\/p>\n<p>O delegado Roberto J\u00fanior investiga o caso e considera a possibilidade de o vereador, que tinha 46 anos, ter passado mal por causa de sequelas da Covid-19.<\/p>\n<p><em>\u201cTanto o ve\u00edculo, como a casa da fazenda estavam em perfeita ordem. Nenhuma desordem. Foi encontrada uma certa quantia em dinheiro no bolso do vereador L\u00e9o Matos. N\u00e3o temos nenhum sinal de que tenha tido uma a\u00e7\u00e3o violenta no local. Trabalhamos com a hip\u00f3tese de ele ter tido um mal s\u00fabito. Ele vinha se recuperando da Covid. Ele pode ter tido um mal s\u00fabito e ca\u00eddo na \u00e1gua\u201d<\/em>, afirmou o delegado, em entrevista ao Jornal da Manh\u00e3, da Rede Bahia.<\/p>\n<p>A conclus\u00e3o das investiga\u00e7\u00f5es ainda depende do resultado da per\u00edcia t\u00e9cnica. A C\u00e2mara de Vereadores decretou luto de 7 dias pela morte do parlamentar. \/\/<em>Reda\u00e7\u00e3o Pimenta<\/em><\/p>\n","protected":false},"excerpt":{"rendered":"<p>As investiga\u00e7\u00f5es da Pol\u00edcia Civil indicam que o presidente da C\u00e2mara de Vereadores de Itapetinga, Leonardo Rodrigues Matos (PSD),\u00a0encontrado morto no a\u00e7ude da sua fazenda na manh\u00e3 deste domingo (25), n\u00e3o foi v\u00edtima de crime, mas de um mal s\u00fabito. O delegado Roberto J\u00fanior investiga o caso e considera a possibilidade de o vereador, que [&hellip;]<\/p>\n","protected":false},"author":2,"featured_media":94489,"comment_status":"open","ping_status":"open","sticky":false,"template":"","format":"standard","meta":{"footnotes":"","_links_to":"","_links_to_target":""},"categories":[1],"tags":[],"class_list":["post-94487","post","type-post","status-publish","format-standard","has-post-thumbnail","hentry","category-geral"],"views":1067,"_links":{"self":[{"href":"https:\/\/www.sudoestehoje.com.br\/novoportal\/wp-json\/wp\/v2\/posts\/94487","targetHints":{"allow":["GET"]}}],"collection":[{"href":"https:\/\/www.sudoestehoje.com.br\/novoportal\/wp-json\/wp\/v2\/posts"}],"about":[{"href":"https:\/\/www.sudoestehoje.com.br\/novoportal\/wp-json\/wp\/v2\/types\/post"}],"author":[{"embeddable":true,"href":"https:\/\/www.sudoestehoje.com.br\/novoportal\/wp-json\/wp\/v2\/users\/2"}],"replies":[{"embeddable":true,"href":"https:\/\/www.sudoestehoje.com.br\/novoportal\/wp-json\/wp\/v2\/comments?post=94487"}],"version-history":[{"count":5,"href":"https:\/\/www.sudoestehoje.com.br\/novoportal\/wp-json\/wp\/v2\/posts\/94487\/revisions"}],"predecessor-version":[{"id":94493,"href":"https:\/\/www.sudoestehoje.com.br\/novoportal\/wp-json\/wp\/v2\/posts\/94487\/revisions\/94493"}],"wp:featuredmedia":[{"embeddable":true,"href":"https:\/\/www.sudoestehoje.com.br\/novoportal\/wp-json\/wp\/v2\/media\/94489"}],"wp:attachment":[{"href":"https:\/\/www.sudoestehoje.com.br\/novoportal\/wp-json\/wp\/v2\/media?parent=94487"}],"wp:term":[{"taxonomy":"category","embeddable":true,"href":"https:\/\/www.sudoestehoje.com.br\/novoportal\/wp-json\/wp\/v2\/categories?post=94487"},{"taxonomy":"post_tag","embeddable":true,"href":"https:\/\/www.sudoestehoje.com.br\/novoportal\/wp-json\/wp\/v2\/tags?post=94487"}],"curies":[{"name":"wp","href":"https:\/\/api.w.org\/{rel}","templated":true}]}}