
{"id":94482,"date":"2021-04-26T15:01:11","date_gmt":"2021-04-26T18:01:11","guid":{"rendered":"https:\/\/www.sudoestehoje.com.br\/novoportal\/?p=94482"},"modified":"2021-04-26T15:01:11","modified_gmt":"2021-04-26T18:01:11","slug":"itapetinga-vaga-de-vereador-deixada-por-leo-matos-sera-ocupada-por-valquirao","status":"publish","type":"post","link":"https:\/\/www.sudoestehoje.com.br\/novoportal\/2021\/04\/26\/itapetinga-vaga-de-vereador-deixada-por-leo-matos-sera-ocupada-por-valquirao\/","title":{"rendered":"ITAPETINGA: VAGA DE VEREADOR DEIXADA POR L\u00c9O MATOS SER\u00c1 OCUPADA POR VALQUIR\u00c3O"},"content":{"rendered":"<p><a href=\"https:\/\/www.sudoestehoje.com.br\/novoportal\/wp-content\/uploads\/2021\/04\/valquirao-e1557429397623.jpg\"><img loading=\"lazy\" decoding=\"async\" class=\"aligncenter size-medium wp-image-94485\" src=\"https:\/\/www.sudoestehoje.com.br\/novoportal\/wp-content\/uploads\/2021\/04\/valquirao-e1557429397623-500x282.jpg\" alt=\"\" width=\"500\" height=\"282\" srcset=\"https:\/\/www.sudoestehoje.com.br\/novoportal\/wp-content\/uploads\/2021\/04\/valquirao-e1557429397623-500x282.jpg 500w, https:\/\/www.sudoestehoje.com.br\/novoportal\/wp-content\/uploads\/2021\/04\/valquirao-e1557429397623.jpg 600w\" sizes=\"auto, (max-width: 500px) 100vw, 500px\" \/><\/a><\/p>\n<p>Na qualidade de 1\u00ba suplente de vereador pelo PSD, Valquirio Lima, o &#8220;Valquir\u00e3o&#8221;, retorna \u00e0 C\u00e2mara Municipal na vaga deixado pelo ex-vereador L\u00e9o Matos, falecido no \u00faltimo final de semana.<\/p>\n<p>De acordo com o rito regimental da C\u00e2mara de Vereadores, a &#8216;vac\u00e2ncia&#8217; do cargo dever\u00e1 ser anunciada j\u00e1 na pr\u00f3xima sess\u00e3o, pelo presidente interino Anderson da Nova, para que Valqu\u00edrio seja empossado.<\/p>\n<p>Valquir\u00e3o exerceu dois mandatos de vereador, mas n\u00e3o havia conseguido se reeleger no \u00faltimo pleito, ficando em terceiro lugar na sua legenda, atr\u00e1s de L\u00e9o Matos e do Pastor Evandro.<\/p>\n<p>Com o seu retorno \u00e0 c\u00e2mara, a composi\u00e7\u00e3o das bancadas n\u00e3o sofre nenhuma mudan\u00e7a, vez que Valqu\u00edrio era da base do prefeito Rodrigo Hagge e deve permanecer.<\/p>\n<p><strong><em>Por Davi Ferraz<\/em><\/strong><\/p>\n","protected":false},"excerpt":{"rendered":"<p>Na qualidade de 1\u00ba suplente de vereador pelo PSD, Valquirio Lima, o &#8220;Valquir\u00e3o&#8221;, retorna \u00e0 C\u00e2mara Municipal na vaga deixado pelo ex-vereador L\u00e9o Matos, falecido no \u00faltimo final de semana. De acordo com o rito regimental da C\u00e2mara de Vereadores, a &#8216;vac\u00e2ncia&#8217; do cargo dever\u00e1 ser anunciada j\u00e1 na pr\u00f3xima sess\u00e3o, pelo presidente interino Anderson [&hellip;]<\/p>\n","protected":false},"author":2,"featured_media":94485,"comment_status":"open","ping_status":"open","sticky":false,"template":"","format":"standard","meta":{"footnotes":"","_links_to":"","_links_to_target":""},"categories":[1],"tags":[],"class_list":["post-94482","post","type-post","status-publish","format-standard","has-post-thumbnail","hentry","category-geral"],"views":1367,"_links":{"self":[{"href":"https:\/\/www.sudoestehoje.com.br\/novoportal\/wp-json\/wp\/v2\/posts\/94482","targetHints":{"allow":["GET"]}}],"collection":[{"href":"https:\/\/www.sudoestehoje.com.br\/novoportal\/wp-json\/wp\/v2\/posts"}],"about":[{"href":"https:\/\/www.sudoestehoje.com.br\/novoportal\/wp-json\/wp\/v2\/types\/post"}],"author":[{"embeddable":true,"href":"https:\/\/www.sudoestehoje.com.br\/novoportal\/wp-json\/wp\/v2\/users\/2"}],"replies":[{"embeddable":true,"href":"https:\/\/www.sudoestehoje.com.br\/novoportal\/wp-json\/wp\/v2\/comments?post=94482"}],"version-history":[{"count":3,"href":"https:\/\/www.sudoestehoje.com.br\/novoportal\/wp-json\/wp\/v2\/posts\/94482\/revisions"}],"predecessor-version":[{"id":94486,"href":"https:\/\/www.sudoestehoje.com.br\/novoportal\/wp-json\/wp\/v2\/posts\/94482\/revisions\/94486"}],"wp:featuredmedia":[{"embeddable":true,"href":"https:\/\/www.sudoestehoje.com.br\/novoportal\/wp-json\/wp\/v2\/media\/94485"}],"wp:attachment":[{"href":"https:\/\/www.sudoestehoje.com.br\/novoportal\/wp-json\/wp\/v2\/media?parent=94482"}],"wp:term":[{"taxonomy":"category","embeddable":true,"href":"https:\/\/www.sudoestehoje.com.br\/novoportal\/wp-json\/wp\/v2\/categories?post=94482"},{"taxonomy":"post_tag","embeddable":true,"href":"https:\/\/www.sudoestehoje.com.br\/novoportal\/wp-json\/wp\/v2\/tags?post=94482"}],"curies":[{"name":"wp","href":"https:\/\/api.w.org\/{rel}","templated":true}]}}