
{"id":94469,"date":"2021-04-25T10:26:51","date_gmt":"2021-04-25T13:26:51","guid":{"rendered":"https:\/\/www.sudoestehoje.com.br\/novoportal\/?p=94469"},"modified":"2021-04-25T10:26:51","modified_gmt":"2021-04-25T13:26:51","slug":"deputado-pedro-tavares-expressa-pesar-pelo-falecimento-do-vereador-leo-matos-e-se-solidadariza-com-a-populacao-de-itapetinga","status":"publish","type":"post","link":"https:\/\/www.sudoestehoje.com.br\/novoportal\/2021\/04\/25\/deputado-pedro-tavares-expressa-pesar-pelo-falecimento-do-vereador-leo-matos-e-se-solidadariza-com-a-populacao-de-itapetinga\/","title":{"rendered":"DEPUTADO PEDRO TAVARES EXPRESSA PESAR PELO FALECIMENTO DO VEREADOR L\u00c9O MATOS E SE SOLIDADARIZA COM A POPULA\u00c7\u00c3O DE ITAPETINGA"},"content":{"rendered":"<p><a href=\"https:\/\/www.sudoestehoje.com.br\/novoportal\/wp-content\/uploads\/2021\/04\/LEO-LUTO-PEDRO-TAVARES.jpg\"><img loading=\"lazy\" decoding=\"async\" class=\"aligncenter size-medium wp-image-94471\" src=\"https:\/\/www.sudoestehoje.com.br\/novoportal\/wp-content\/uploads\/2021\/04\/LEO-LUTO-PEDRO-TAVARES-500x300.jpg\" alt=\"\" width=\"500\" height=\"300\" srcset=\"https:\/\/www.sudoestehoje.com.br\/novoportal\/wp-content\/uploads\/2021\/04\/LEO-LUTO-PEDRO-TAVARES-500x300.jpg 500w, https:\/\/www.sudoestehoje.com.br\/novoportal\/wp-content\/uploads\/2021\/04\/LEO-LUTO-PEDRO-TAVARES.jpg 650w\" sizes=\"auto, (max-width: 500px) 100vw, 500px\" \/><\/a><\/p>\n<p>O deputado estadual Pedro Tavares (DEM), expressou grande pesar pelo falecimento do presidente da C\u00e2mara de Vereadores de Itapetinga, Leonardo Matos, mais conhecido como L\u00e9o.<\/p>\n<p><em>\u201cItapetinga amanheceu mais triste com a morte do querido L\u00e9o. Lamento imensamente a sua partida de forma repentina, deixando grande vazio e dor em todos aqueles que tiveram a oportunidade de conhec\u00ea-lo e de compartilhar de sua conviv\u00eancia. L\u00e9o foi um homem p\u00fablico que tinha muito compromisso com a popula\u00e7\u00e3o de Itapetinga e um ser humano que transmitia muita alegria e facilidade para se comunicar. Vai ficar sempre em minha lembran\u00e7a a pessoa alegre, simp\u00e1tica e gente boa que ele era. Com certeza vai fazer muita falta. Meus sinceros sentimentos a todos\u201d<\/em>, afirmou.<\/p>\n<p>Tavares transmite solidariedade a fam\u00edlia, aos amigos, colegas e a todas as pessoas que se sentiam representadas pelo mandato do vereador L\u00e9o. <em>&#8220;Que Deus conforte os seus cora\u00e7\u00f5es, nesse momento de grande como\u00e7\u00e3o e conceda a paz ao esp\u00edrito de L\u00e9o\u201d<\/em>, enfatizou.<\/p>\n","protected":false},"excerpt":{"rendered":"<p>O deputado estadual Pedro Tavares (DEM), expressou grande pesar pelo falecimento do presidente da C\u00e2mara de Vereadores de Itapetinga, Leonardo Matos, mais conhecido como L\u00e9o. \u201cItapetinga amanheceu mais triste com a morte do querido L\u00e9o. Lamento imensamente a sua partida de forma repentina, deixando grande vazio e dor em todos aqueles que tiveram a oportunidade [&hellip;]<\/p>\n","protected":false},"author":2,"featured_media":94471,"comment_status":"open","ping_status":"open","sticky":false,"template":"","format":"standard","meta":{"footnotes":"","_links_to":"","_links_to_target":""},"categories":[1],"tags":[],"class_list":["post-94469","post","type-post","status-publish","format-standard","has-post-thumbnail","hentry","category-geral"],"views":877,"_links":{"self":[{"href":"https:\/\/www.sudoestehoje.com.br\/novoportal\/wp-json\/wp\/v2\/posts\/94469","targetHints":{"allow":["GET"]}}],"collection":[{"href":"https:\/\/www.sudoestehoje.com.br\/novoportal\/wp-json\/wp\/v2\/posts"}],"about":[{"href":"https:\/\/www.sudoestehoje.com.br\/novoportal\/wp-json\/wp\/v2\/types\/post"}],"author":[{"embeddable":true,"href":"https:\/\/www.sudoestehoje.com.br\/novoportal\/wp-json\/wp\/v2\/users\/2"}],"replies":[{"embeddable":true,"href":"https:\/\/www.sudoestehoje.com.br\/novoportal\/wp-json\/wp\/v2\/comments?post=94469"}],"version-history":[{"count":2,"href":"https:\/\/www.sudoestehoje.com.br\/novoportal\/wp-json\/wp\/v2\/posts\/94469\/revisions"}],"predecessor-version":[{"id":94472,"href":"https:\/\/www.sudoestehoje.com.br\/novoportal\/wp-json\/wp\/v2\/posts\/94469\/revisions\/94472"}],"wp:featuredmedia":[{"embeddable":true,"href":"https:\/\/www.sudoestehoje.com.br\/novoportal\/wp-json\/wp\/v2\/media\/94471"}],"wp:attachment":[{"href":"https:\/\/www.sudoestehoje.com.br\/novoportal\/wp-json\/wp\/v2\/media?parent=94469"}],"wp:term":[{"taxonomy":"category","embeddable":true,"href":"https:\/\/www.sudoestehoje.com.br\/novoportal\/wp-json\/wp\/v2\/categories?post=94469"},{"taxonomy":"post_tag","embeddable":true,"href":"https:\/\/www.sudoestehoje.com.br\/novoportal\/wp-json\/wp\/v2\/tags?post=94469"}],"curies":[{"name":"wp","href":"https:\/\/api.w.org\/{rel}","templated":true}]}}