
{"id":94466,"date":"2021-04-25T10:10:07","date_gmt":"2021-04-25T13:10:07","guid":{"rendered":"https:\/\/www.sudoestehoje.com.br\/novoportal\/?p=94466"},"modified":"2021-04-25T10:10:37","modified_gmt":"2021-04-25T13:10:37","slug":"nota-de-pesar-do-psd-pelo-falecimento-do-vereador-leonardo-matos","status":"publish","type":"post","link":"https:\/\/www.sudoestehoje.com.br\/novoportal\/2021\/04\/25\/nota-de-pesar-do-psd-pelo-falecimento-do-vereador-leonardo-matos\/","title":{"rendered":"NOTA DE PESAR DO PSD PELO FALECIMENTO DO VEREADOR LEONARDO MATOS"},"content":{"rendered":"<p><a href=\"https:\/\/www.sudoestehoje.com.br\/novoportal\/wp-content\/uploads\/2021\/04\/LEO-LUTO.jpeg\"><img loading=\"lazy\" decoding=\"async\" class=\"aligncenter size-medium wp-image-94467\" src=\"https:\/\/www.sudoestehoje.com.br\/novoportal\/wp-content\/uploads\/2021\/04\/LEO-LUTO-500x576.jpeg\" alt=\"\" width=\"500\" height=\"576\" srcset=\"https:\/\/www.sudoestehoje.com.br\/novoportal\/wp-content\/uploads\/2021\/04\/LEO-LUTO-500x576.jpeg 500w, https:\/\/www.sudoestehoje.com.br\/novoportal\/wp-content\/uploads\/2021\/04\/LEO-LUTO-700x806.jpeg 700w, https:\/\/www.sudoestehoje.com.br\/novoportal\/wp-content\/uploads\/2021\/04\/LEO-LUTO-768x884.jpeg 768w, https:\/\/www.sudoestehoje.com.br\/novoportal\/wp-content\/uploads\/2021\/04\/LEO-LUTO.jpeg 1112w\" sizes=\"auto, (max-width: 500px) 100vw, 500px\" \/><\/a><\/p>\n<p>O Diret\u00f3rio do PSD de Itapetinga, manifesta seu profundo pesar, pelo falecimento do seu Filiado, vereador e Presidente da C\u00e2mara Municipal de Itapetinga L\u00c9O MATOS. Neste momento de dor, a fam\u00edlia PSD se solidariza com familiares e amigos e vem expressar condol\u00eancias pela perda. Itapetinga-Bahia, 25 de Abril de 2021 Diret\u00f3rio do PSD de Itapetinga<\/p>\n","protected":false},"excerpt":{"rendered":"<p>O Diret\u00f3rio do PSD de Itapetinga, manifesta seu profundo pesar, pelo falecimento do seu Filiado, vereador e Presidente da C\u00e2mara Municipal de Itapetinga L\u00c9O MATOS. Neste momento de dor, a fam\u00edlia PSD se solidariza com familiares e amigos e vem expressar condol\u00eancias pela perda. Itapetinga-Bahia, 25 de Abril de 2021 Diret\u00f3rio do PSD de Itapetinga<\/p>\n","protected":false},"author":2,"featured_media":94467,"comment_status":"open","ping_status":"open","sticky":false,"template":"","format":"standard","meta":{"footnotes":"","_links_to":"","_links_to_target":""},"categories":[1],"tags":[],"class_list":["post-94466","post","type-post","status-publish","format-standard","has-post-thumbnail","hentry","category-geral"],"views":857,"_links":{"self":[{"href":"https:\/\/www.sudoestehoje.com.br\/novoportal\/wp-json\/wp\/v2\/posts\/94466","targetHints":{"allow":["GET"]}}],"collection":[{"href":"https:\/\/www.sudoestehoje.com.br\/novoportal\/wp-json\/wp\/v2\/posts"}],"about":[{"href":"https:\/\/www.sudoestehoje.com.br\/novoportal\/wp-json\/wp\/v2\/types\/post"}],"author":[{"embeddable":true,"href":"https:\/\/www.sudoestehoje.com.br\/novoportal\/wp-json\/wp\/v2\/users\/2"}],"replies":[{"embeddable":true,"href":"https:\/\/www.sudoestehoje.com.br\/novoportal\/wp-json\/wp\/v2\/comments?post=94466"}],"version-history":[{"count":1,"href":"https:\/\/www.sudoestehoje.com.br\/novoportal\/wp-json\/wp\/v2\/posts\/94466\/revisions"}],"predecessor-version":[{"id":94468,"href":"https:\/\/www.sudoestehoje.com.br\/novoportal\/wp-json\/wp\/v2\/posts\/94466\/revisions\/94468"}],"wp:featuredmedia":[{"embeddable":true,"href":"https:\/\/www.sudoestehoje.com.br\/novoportal\/wp-json\/wp\/v2\/media\/94467"}],"wp:attachment":[{"href":"https:\/\/www.sudoestehoje.com.br\/novoportal\/wp-json\/wp\/v2\/media?parent=94466"}],"wp:term":[{"taxonomy":"category","embeddable":true,"href":"https:\/\/www.sudoestehoje.com.br\/novoportal\/wp-json\/wp\/v2\/categories?post=94466"},{"taxonomy":"post_tag","embeddable":true,"href":"https:\/\/www.sudoestehoje.com.br\/novoportal\/wp-json\/wp\/v2\/tags?post=94466"}],"curies":[{"name":"wp","href":"https:\/\/api.w.org\/{rel}","templated":true}]}}