
{"id":94463,"date":"2021-04-25T10:04:47","date_gmt":"2021-04-25T13:04:47","guid":{"rendered":"https:\/\/www.sudoestehoje.com.br\/novoportal\/?p=94463"},"modified":"2021-04-25T10:04:47","modified_gmt":"2021-04-25T13:04:47","slug":"nota-de-pesar-da-prefeitura-municipal-de-itapetinga-pelo-falecimento-de-leo-matos","status":"publish","type":"post","link":"https:\/\/www.sudoestehoje.com.br\/novoportal\/2021\/04\/25\/nota-de-pesar-da-prefeitura-municipal-de-itapetinga-pelo-falecimento-de-leo-matos\/","title":{"rendered":"NOTA DE PESAR DA PREFEITURA MUNICIPAL DE ITAPETINGA PELO FALECIMENTO DE L\u00c9O MATOS"},"content":{"rendered":"<p><a href=\"https:\/\/www.sudoestehoje.com.br\/novoportal\/wp-content\/uploads\/2021\/04\/luto-leo-matos-vereador-itapetinga.jpg\"><img loading=\"lazy\" decoding=\"async\" class=\"aligncenter size-medium wp-image-94464\" src=\"https:\/\/www.sudoestehoje.com.br\/novoportal\/wp-content\/uploads\/2021\/04\/luto-leo-matos-vereador-itapetinga-500x300.jpg\" alt=\"\" width=\"500\" height=\"300\" srcset=\"https:\/\/www.sudoestehoje.com.br\/novoportal\/wp-content\/uploads\/2021\/04\/luto-leo-matos-vereador-itapetinga-500x300.jpg 500w, https:\/\/www.sudoestehoje.com.br\/novoportal\/wp-content\/uploads\/2021\/04\/luto-leo-matos-vereador-itapetinga.jpg 650w\" sizes=\"auto, (max-width: 500px) 100vw, 500px\" \/><\/a><\/p>\n<p>Itapetinga amanheceu enlutada. Em meio a tempos j\u00e1 t\u00e3o dif\u00edceis, a perda do vereador Leonardo Matos faz com que comecemos a semana ainda mais cheios de dor e tristeza.<\/p>\n<p>A morte levou Leo Matos para longe de n\u00f3s de forma muito precoce. Infelizmente, p\u00f4s fim ao futuro promissor de um pol\u00edtico, \u00e0 vida de um pai, de um marido, de um filho que tinha muita hist\u00f3ria para escrever ainda. Interrompeu cedo seus sonhos e deixou, sem d\u00favidas, muitas saudades.<\/p>\n<p>Neste momento de dor, a Prefeitura de Itapetinga se solidariza com familiares e amigos de Leo, se silencia no luto oficial e, em ora\u00e7\u00e3o, pede for\u00e7a e serenidade para que todos possam atravessar o dif\u00edcil per\u00edodo em paz, sem perder a f\u00e9.<\/p>\n<p>Leo encerrou sua trajet\u00f3ria aqui na Terra com honradez e sucesso e seu legado permanecer\u00e1 vivo no cora\u00e7\u00e3o daqueles que tiveram a honra de conviver com sua alegria.<\/p>\n","protected":false},"excerpt":{"rendered":"<p>Itapetinga amanheceu enlutada. Em meio a tempos j\u00e1 t\u00e3o dif\u00edceis, a perda do vereador Leonardo Matos faz com que comecemos a semana ainda mais cheios de dor e tristeza. A morte levou Leo Matos para longe de n\u00f3s de forma muito precoce. Infelizmente, p\u00f4s fim ao futuro promissor de um pol\u00edtico, \u00e0 vida de um [&hellip;]<\/p>\n","protected":false},"author":2,"featured_media":94464,"comment_status":"open","ping_status":"open","sticky":false,"template":"","format":"standard","meta":{"footnotes":"","_links_to":"","_links_to_target":""},"categories":[1],"tags":[],"class_list":["post-94463","post","type-post","status-publish","format-standard","has-post-thumbnail","hentry","category-geral"],"views":777,"_links":{"self":[{"href":"https:\/\/www.sudoestehoje.com.br\/novoportal\/wp-json\/wp\/v2\/posts\/94463","targetHints":{"allow":["GET"]}}],"collection":[{"href":"https:\/\/www.sudoestehoje.com.br\/novoportal\/wp-json\/wp\/v2\/posts"}],"about":[{"href":"https:\/\/www.sudoestehoje.com.br\/novoportal\/wp-json\/wp\/v2\/types\/post"}],"author":[{"embeddable":true,"href":"https:\/\/www.sudoestehoje.com.br\/novoportal\/wp-json\/wp\/v2\/users\/2"}],"replies":[{"embeddable":true,"href":"https:\/\/www.sudoestehoje.com.br\/novoportal\/wp-json\/wp\/v2\/comments?post=94463"}],"version-history":[{"count":1,"href":"https:\/\/www.sudoestehoje.com.br\/novoportal\/wp-json\/wp\/v2\/posts\/94463\/revisions"}],"predecessor-version":[{"id":94465,"href":"https:\/\/www.sudoestehoje.com.br\/novoportal\/wp-json\/wp\/v2\/posts\/94463\/revisions\/94465"}],"wp:featuredmedia":[{"embeddable":true,"href":"https:\/\/www.sudoestehoje.com.br\/novoportal\/wp-json\/wp\/v2\/media\/94464"}],"wp:attachment":[{"href":"https:\/\/www.sudoestehoje.com.br\/novoportal\/wp-json\/wp\/v2\/media?parent=94463"}],"wp:term":[{"taxonomy":"category","embeddable":true,"href":"https:\/\/www.sudoestehoje.com.br\/novoportal\/wp-json\/wp\/v2\/categories?post=94463"},{"taxonomy":"post_tag","embeddable":true,"href":"https:\/\/www.sudoestehoje.com.br\/novoportal\/wp-json\/wp\/v2\/tags?post=94463"}],"curies":[{"name":"wp","href":"https:\/\/api.w.org\/{rel}","templated":true}]}}