
{"id":94460,"date":"2021-04-25T09:44:18","date_gmt":"2021-04-25T12:44:18","guid":{"rendered":"https:\/\/www.sudoestehoje.com.br\/novoportal\/?p=94460"},"modified":"2021-04-25T09:44:18","modified_gmt":"2021-04-25T12:44:18","slug":"senador-otto-alencar-presidente-estadual-do-psd-lamenta-morte-de-leonardo-matos","status":"publish","type":"post","link":"https:\/\/www.sudoestehoje.com.br\/novoportal\/2021\/04\/25\/senador-otto-alencar-presidente-estadual-do-psd-lamenta-morte-de-leonardo-matos\/","title":{"rendered":"SENADOR OTTO ALENCAR, PRESIDENTE ESTADUAL DO PSD, LAMENTA MORTE DE LEONARDO MATOS"},"content":{"rendered":"<p><a href=\"https:\/\/www.sudoestehoje.com.br\/novoportal\/wp-content\/uploads\/2021\/04\/leo-e-otto.jpeg\"><img loading=\"lazy\" decoding=\"async\" class=\"aligncenter  wp-image-94461\" src=\"https:\/\/www.sudoestehoje.com.br\/novoportal\/wp-content\/uploads\/2021\/04\/leo-e-otto.jpeg\" alt=\"\" width=\"501\" height=\"422\" \/><\/a><br \/>\nNas primeiras horas da manh\u00e3 de hoje, 25\/04, ao saber da triste not\u00edcia do falecimento do Presidente da C\u00e2mara Municipal de Itapetinga e seu correligion\u00e1rio, filiado ao PSD, o senador da Rep\u00fablica Otto Alencar entrou em contato com Alfredo Cabral de Assis, presidente do Diret\u00f3rio Municipal de Itapetinga lhe solicitando que registrasse aos familiares, amigos, correligion\u00e1rios e populares os seus sentimentos de pesar por esta t\u00e3o grande perda para a comunidade itapetinguense.<\/p>\n<p>Senador Otto Alencar<\/p>\n","protected":false},"excerpt":{"rendered":"<p>Nas primeiras horas da manh\u00e3 de hoje, 25\/04, ao saber da triste not\u00edcia do falecimento do Presidente da C\u00e2mara Municipal de Itapetinga e seu correligion\u00e1rio, filiado ao PSD, o senador da Rep\u00fablica Otto Alencar entrou em contato com Alfredo Cabral de Assis, presidente do Diret\u00f3rio Municipal de Itapetinga lhe solicitando que registrasse aos familiares, amigos, [&hellip;]<\/p>\n","protected":false},"author":2,"featured_media":94461,"comment_status":"open","ping_status":"open","sticky":false,"template":"","format":"standard","meta":{"footnotes":"","_links_to":"","_links_to_target":""},"categories":[1],"tags":[],"class_list":["post-94460","post","type-post","status-publish","format-standard","has-post-thumbnail","hentry","category-geral"],"views":893,"_links":{"self":[{"href":"https:\/\/www.sudoestehoje.com.br\/novoportal\/wp-json\/wp\/v2\/posts\/94460","targetHints":{"allow":["GET"]}}],"collection":[{"href":"https:\/\/www.sudoestehoje.com.br\/novoportal\/wp-json\/wp\/v2\/posts"}],"about":[{"href":"https:\/\/www.sudoestehoje.com.br\/novoportal\/wp-json\/wp\/v2\/types\/post"}],"author":[{"embeddable":true,"href":"https:\/\/www.sudoestehoje.com.br\/novoportal\/wp-json\/wp\/v2\/users\/2"}],"replies":[{"embeddable":true,"href":"https:\/\/www.sudoestehoje.com.br\/novoportal\/wp-json\/wp\/v2\/comments?post=94460"}],"version-history":[{"count":1,"href":"https:\/\/www.sudoestehoje.com.br\/novoportal\/wp-json\/wp\/v2\/posts\/94460\/revisions"}],"predecessor-version":[{"id":94462,"href":"https:\/\/www.sudoestehoje.com.br\/novoportal\/wp-json\/wp\/v2\/posts\/94460\/revisions\/94462"}],"wp:featuredmedia":[{"embeddable":true,"href":"https:\/\/www.sudoestehoje.com.br\/novoportal\/wp-json\/wp\/v2\/media\/94461"}],"wp:attachment":[{"href":"https:\/\/www.sudoestehoje.com.br\/novoportal\/wp-json\/wp\/v2\/media?parent=94460"}],"wp:term":[{"taxonomy":"category","embeddable":true,"href":"https:\/\/www.sudoestehoje.com.br\/novoportal\/wp-json\/wp\/v2\/categories?post=94460"},{"taxonomy":"post_tag","embeddable":true,"href":"https:\/\/www.sudoestehoje.com.br\/novoportal\/wp-json\/wp\/v2\/tags?post=94460"}],"curies":[{"name":"wp","href":"https:\/\/api.w.org\/{rel}","templated":true}]}}