
{"id":94454,"date":"2021-04-25T09:34:51","date_gmt":"2021-04-25T12:34:51","guid":{"rendered":"https:\/\/www.sudoestehoje.com.br\/novoportal\/?p=94454"},"modified":"2021-04-25T09:36:25","modified_gmt":"2021-04-25T12:36:25","slug":"nota-de-falecimento-morre-o-presidente-da-camara-municipal-leonardo-matos","status":"publish","type":"post","link":"https:\/\/www.sudoestehoje.com.br\/novoportal\/2021\/04\/25\/nota-de-falecimento-morre-o-presidente-da-camara-municipal-leonardo-matos\/","title":{"rendered":"NOTA DE FALECIMENTO MORRE O PRESIDENTE DA C\u00c2MARA MUNICIPAL DE ITAPETINGA, LEONARDO MATOS"},"content":{"rendered":"<p><a href=\"https:\/\/www.sudoestehoje.com.br\/novoportal\/wp-content\/uploads\/2021\/04\/LEO-SESS\u00c3O-1.jpeg\"><img loading=\"lazy\" decoding=\"async\" class=\"aligncenter size-medium wp-image-94456\" src=\"https:\/\/www.sudoestehoje.com.br\/novoportal\/wp-content\/uploads\/2021\/04\/LEO-SESS\u00c3O-1-500x379.jpeg\" alt=\"\" width=\"500\" height=\"379\" srcset=\"https:\/\/www.sudoestehoje.com.br\/novoportal\/wp-content\/uploads\/2021\/04\/LEO-SESS\u00c3O-1-500x379.jpeg 500w, https:\/\/www.sudoestehoje.com.br\/novoportal\/wp-content\/uploads\/2021\/04\/LEO-SESS\u00c3O-1-700x531.jpeg 700w, https:\/\/www.sudoestehoje.com.br\/novoportal\/wp-content\/uploads\/2021\/04\/LEO-SESS\u00c3O-1-768x582.jpeg 768w, https:\/\/www.sudoestehoje.com.br\/novoportal\/wp-content\/uploads\/2021\/04\/LEO-SESS\u00c3O-1.jpeg 855w\" sizes=\"auto, (max-width: 500px) 100vw, 500px\" \/><\/a><\/p>\n<p>\u00c9 com profunda tristeza que a C\u00e2mara Municipal de Itapetinga comunica o falecimento do seu presidente, vereador Leonardo Rodrigues Matos, aos 46 anos. Ele estava desaparecido desde a \u00faltima sexta-feira (23) e foi encontrado sem vida na manh\u00e3 deste domingo (25) em sua propriedade rural, na regi\u00e3o do povoado de Palmares.<\/p>\n<p>Nascido em Itapetinga em 14 de abril de 1975, L\u00e9o Matos era filho dos comerciantes Clemente (Lour\u00e3o) e Marilda Matos, propriet\u00e1rios da Italar Presentes.<\/p>\n<p>Formado em Direito pela Universidade Estadual de Santa Cruz (Uesc), trabalhou no Tribunal de Justi\u00e7a do Estado da Bahia, na Assembleia Legislativa do Estado da Bahia e na Funda\u00e7\u00e3o Jos\u00e9 Silveira. Foi gestor do Hospital Cristo Redentor por seis anos.<\/p>\n<p>L\u00e9o Matos obteve 890 votos nas \u00faltimas elei\u00e7\u00f5es, elegendo-se vereador do munic\u00edpio pelo Partido Social Democr\u00e1tico (PSD). Em 1\u00ba de janeiro deste ano, foi eleito presidente da C\u00e2mara de Vereadores para o bi\u00eanio 2021-2022. Na cerim\u00f4nia de posse, prometeu uma gest\u00e3o pautada no di\u00e1logo. Sempre muito atencioso com todos, conquistou rapidamente a admira\u00e7\u00e3o de colegas e servidores do Poder Legislativo Municipal.<\/p>\n<p>Casado com Ana B\u00e1rbara Matos, coordenadora da Funda\u00e7\u00e3o Jos\u00e9 Silveira\/Hospital Cristo Redentor, e pai de Jos\u00e9 Clemente, L\u00e9o Matos deixa um legado de amor por Itapetinga.<\/p>\n<p>Nesta hora de dor, a Mesa Diretora, demais vereadores e servidores da C\u00e2mara Municipal de Itapetinga prestam condol\u00eancias e se solidarizam com os familiares e amigos enlutados pela grande e irrepar\u00e1vel perda.<\/p>\n<p>A C\u00e2mara publica a Portaria N\u00ba 710\/2021 decretando luto oficial de sete dias no \u00e2mbito do Poder Legislativo Municipal. N\u00e3o haver\u00e1 expediente na pr\u00f3xima segunda-feira (26) e as sess\u00f5es desta semana ser\u00e3o suspensas.<\/p>\n<p>O vel\u00f3rio acontecer\u00e1 no Plen\u00e1rio Ulysses Guimar\u00e3es, na sede da C\u00e2mara de Vereadores, localizada \u00e0 Avenida Hildebrando Nogueira, 130, bairro Morumbi.<\/p>\n","protected":false},"excerpt":{"rendered":"<p>\u00c9 com profunda tristeza que a C\u00e2mara Municipal de Itapetinga comunica o falecimento do seu presidente, vereador Leonardo Rodrigues Matos, aos 46 anos. Ele estava desaparecido desde a \u00faltima sexta-feira (23) e foi encontrado sem vida na manh\u00e3 deste domingo (25) em sua propriedade rural, na regi\u00e3o do povoado de Palmares. Nascido em Itapetinga em [&hellip;]<\/p>\n","protected":false},"author":2,"featured_media":94456,"comment_status":"open","ping_status":"open","sticky":false,"template":"","format":"standard","meta":{"footnotes":"","_links_to":"","_links_to_target":""},"categories":[1],"tags":[],"class_list":["post-94454","post","type-post","status-publish","format-standard","has-post-thumbnail","hentry","category-geral"],"views":852,"_links":{"self":[{"href":"https:\/\/www.sudoestehoje.com.br\/novoportal\/wp-json\/wp\/v2\/posts\/94454","targetHints":{"allow":["GET"]}}],"collection":[{"href":"https:\/\/www.sudoestehoje.com.br\/novoportal\/wp-json\/wp\/v2\/posts"}],"about":[{"href":"https:\/\/www.sudoestehoje.com.br\/novoportal\/wp-json\/wp\/v2\/types\/post"}],"author":[{"embeddable":true,"href":"https:\/\/www.sudoestehoje.com.br\/novoportal\/wp-json\/wp\/v2\/users\/2"}],"replies":[{"embeddable":true,"href":"https:\/\/www.sudoestehoje.com.br\/novoportal\/wp-json\/wp\/v2\/comments?post=94454"}],"version-history":[{"count":4,"href":"https:\/\/www.sudoestehoje.com.br\/novoportal\/wp-json\/wp\/v2\/posts\/94454\/revisions"}],"predecessor-version":[{"id":94459,"href":"https:\/\/www.sudoestehoje.com.br\/novoportal\/wp-json\/wp\/v2\/posts\/94454\/revisions\/94459"}],"wp:featuredmedia":[{"embeddable":true,"href":"https:\/\/www.sudoestehoje.com.br\/novoportal\/wp-json\/wp\/v2\/media\/94456"}],"wp:attachment":[{"href":"https:\/\/www.sudoestehoje.com.br\/novoportal\/wp-json\/wp\/v2\/media?parent=94454"}],"wp:term":[{"taxonomy":"category","embeddable":true,"href":"https:\/\/www.sudoestehoje.com.br\/novoportal\/wp-json\/wp\/v2\/categories?post=94454"},{"taxonomy":"post_tag","embeddable":true,"href":"https:\/\/www.sudoestehoje.com.br\/novoportal\/wp-json\/wp\/v2\/tags?post=94454"}],"curies":[{"name":"wp","href":"https:\/\/api.w.org\/{rel}","templated":true}]}}