
{"id":94450,"date":"2021-04-25T07:57:41","date_gmt":"2021-04-25T10:57:41","guid":{"rendered":"https:\/\/www.sudoestehoje.com.br\/novoportal\/?p=94450"},"modified":"2021-04-25T08:11:41","modified_gmt":"2021-04-25T11:11:41","slug":"urgente-morre-em-itapetinga-leonardo-matos-presidente-da-camara-municipal","status":"publish","type":"post","link":"https:\/\/www.sudoestehoje.com.br\/novoportal\/2021\/04\/25\/urgente-morre-em-itapetinga-leonardo-matos-presidente-da-camara-municipal\/","title":{"rendered":"URGENTE! MORRE EM ITAPETINGA LEONARDO MATOS, PRESIDENTE DA C\u00c2MARA MUNICIPAL"},"content":{"rendered":"<p><a href=\"https:\/\/www.sudoestehoje.com.br\/novoportal\/wp-content\/uploads\/2021\/04\/leo-1.jpg\"><img loading=\"lazy\" decoding=\"async\" class=\"aligncenter size-medium wp-image-94440\" src=\"https:\/\/www.sudoestehoje.com.br\/novoportal\/wp-content\/uploads\/2021\/04\/leo-1-500x408.jpg\" alt=\"\" width=\"500\" height=\"408\" srcset=\"https:\/\/www.sudoestehoje.com.br\/novoportal\/wp-content\/uploads\/2021\/04\/leo-1-500x408.jpg 500w, https:\/\/www.sudoestehoje.com.br\/novoportal\/wp-content\/uploads\/2021\/04\/leo-1.jpg 615w\" sizes=\"auto, (max-width: 500px) 100vw, 500px\" \/><\/a><\/p>\n<p>\u00c9 com imenso pesar que noticiamos o falecimento do vereador Leonardo Matos (L\u00e9o), presidente da C\u00e2mara Municipal de Itapetinga.<\/p>\n<p>De acordo com informa\u00e7\u00f5es do Comando da Pol\u00edcia Militar, em Vit\u00f3ria da Conquista, o corpo de L\u00e9o foi encontrado na manh\u00e3 deste dominga (25), em um a\u00e7ude de sua propriedade rural, localizada na regi\u00e3o de Palmares, para onde ele havia se deslocado na \u00faltima sexta-feira (23), para efetuar pagamentos aos empregados da fazenda.<\/p>\n<p>No dia de ontem, assim que foi comunicado o seu desaparecimento, buscas foram feitas na propriedade, pelas pol\u00edcias civil e militar e pelo Corpo de Bombeiros de Vit\u00f3ria da Conquista, sem sucesso. Na manh\u00e3 deste domingo, entretanto, o corpo de L\u00e9o emergiu e foi avistado e resgatado pelas equipes de busca.<\/p>\n<p><a href=\"https:\/\/www.sudoestehoje.com.br\/novoportal\/wp-content\/uploads\/2021\/04\/a\u00e7ude-1.jpeg\"><img loading=\"lazy\" decoding=\"async\" class=\"aligncenter wp-image-94451\" src=\"https:\/\/www.sudoestehoje.com.br\/novoportal\/wp-content\/uploads\/2021\/04\/a\u00e7ude-1.jpeg\" alt=\"\" width=\"500\" height=\"388\" \/><\/a><\/p>\n<p>Neste momento, o sofrimento dos familiares, amigos, autoridades e de toda a popula\u00e7\u00e3o de Itapetinga \u00e9 muito grande, porque L\u00e9o era pessoa muito alegre, comunicativa e querida em Itapetinga e na regi\u00e3o.<\/p>\n<p>O deputado federal Ant\u00f4nio Brito, amigo pessoal de L\u00e9o Matos, veio para Itapetinga, desde ontem, para acompanhar as buscas, ao lado dos familiares e amigos de L\u00e9o Matos.<\/p>\n<p>O prefeito Rodrigo Hagge tamb\u00e9m acompanhou o caso e postou nas redes sociais mensagem de esperan\u00e7a de que L\u00e9o fosse encontrado com vida, mas infelizmente a perda do amigo e correligion\u00e1rio acabou sendo confirmada.<\/p>\n<p>As causas do afogamento ainda n\u00e3o foram esclarecidas, o que deve ocorrer nas pr\u00f3ximas horas. O corpo seguiu para o IML de Itapetinga e dever\u00e1 ser velado no plen\u00e1rio da C\u00e2mara Municipal, durante todo o dia deste domingo, devendo ser sepultado no final da tarde.<\/p>\n<p>O Sudoeste Hoje lamenta a perda do grande amigo e parceiro pol\u00edtico, estendendo o seu imenso pesar aos familiares, amigos, apoiadores, colegas de trabalho e todo o corpo de funcion\u00e1rios e vereadores que comp\u00f5em a nossa C\u00e2mara Municipal.<\/p>\n<p><strong><em>Davi Ferraz<\/em><\/strong><\/p>\n","protected":false},"excerpt":{"rendered":"<p>\u00c9 com imenso pesar que noticiamos o falecimento do vereador Leonardo Matos (L\u00e9o), presidente da C\u00e2mara Municipal de Itapetinga. De acordo com informa\u00e7\u00f5es do Comando da Pol\u00edcia Militar, em Vit\u00f3ria da Conquista, o corpo de L\u00e9o foi encontrado na manh\u00e3 deste dominga (25), em um a\u00e7ude de sua propriedade rural, localizada na regi\u00e3o de Palmares, [&hellip;]<\/p>\n","protected":false},"author":2,"featured_media":94440,"comment_status":"open","ping_status":"open","sticky":false,"template":"","format":"standard","meta":{"footnotes":"","_links_to":"","_links_to_target":""},"categories":[1],"tags":[],"class_list":["post-94450","post","type-post","status-publish","format-standard","has-post-thumbnail","hentry","category-geral"],"views":1614,"_links":{"self":[{"href":"https:\/\/www.sudoestehoje.com.br\/novoportal\/wp-json\/wp\/v2\/posts\/94450","targetHints":{"allow":["GET"]}}],"collection":[{"href":"https:\/\/www.sudoestehoje.com.br\/novoportal\/wp-json\/wp\/v2\/posts"}],"about":[{"href":"https:\/\/www.sudoestehoje.com.br\/novoportal\/wp-json\/wp\/v2\/types\/post"}],"author":[{"embeddable":true,"href":"https:\/\/www.sudoestehoje.com.br\/novoportal\/wp-json\/wp\/v2\/users\/2"}],"replies":[{"embeddable":true,"href":"https:\/\/www.sudoestehoje.com.br\/novoportal\/wp-json\/wp\/v2\/comments?post=94450"}],"version-history":[{"count":2,"href":"https:\/\/www.sudoestehoje.com.br\/novoportal\/wp-json\/wp\/v2\/posts\/94450\/revisions"}],"predecessor-version":[{"id":94453,"href":"https:\/\/www.sudoestehoje.com.br\/novoportal\/wp-json\/wp\/v2\/posts\/94450\/revisions\/94453"}],"wp:featuredmedia":[{"embeddable":true,"href":"https:\/\/www.sudoestehoje.com.br\/novoportal\/wp-json\/wp\/v2\/media\/94440"}],"wp:attachment":[{"href":"https:\/\/www.sudoestehoje.com.br\/novoportal\/wp-json\/wp\/v2\/media?parent=94450"}],"wp:term":[{"taxonomy":"category","embeddable":true,"href":"https:\/\/www.sudoestehoje.com.br\/novoportal\/wp-json\/wp\/v2\/categories?post=94450"},{"taxonomy":"post_tag","embeddable":true,"href":"https:\/\/www.sudoestehoje.com.br\/novoportal\/wp-json\/wp\/v2\/tags?post=94450"}],"curies":[{"name":"wp","href":"https:\/\/api.w.org\/{rel}","templated":true}]}}