
{"id":94446,"date":"2021-04-24T21:51:27","date_gmt":"2021-04-25T00:51:27","guid":{"rendered":"https:\/\/www.sudoestehoje.com.br\/novoportal\/?p=94446"},"modified":"2021-04-24T21:51:27","modified_gmt":"2021-04-25T00:51:27","slug":"nota-oficial-da-camara-municipal-sobre-o-desaparecimento-do-presidente-leo-matos","status":"publish","type":"post","link":"https:\/\/www.sudoestehoje.com.br\/novoportal\/2021\/04\/24\/nota-oficial-da-camara-municipal-sobre-o-desaparecimento-do-presidente-leo-matos\/","title":{"rendered":"NOTA OFICIAL DA C\u00c2MARA MUNICIPAL SOBRE O DESAPARECIMENTO DO PRESIDENTE L\u00c9O MATOS"},"content":{"rendered":"<p><a href=\"https:\/\/www.sudoestehoje.com.br\/novoportal\/wp-content\/uploads\/2021\/04\/LEO-SESS\u00c3O.jpeg\"><img loading=\"lazy\" decoding=\"async\" class=\"aligncenter size-medium wp-image-94448\" src=\"https:\/\/www.sudoestehoje.com.br\/novoportal\/wp-content\/uploads\/2021\/04\/LEO-SESS\u00c3O-500x379.jpeg\" alt=\"\" width=\"500\" height=\"379\" srcset=\"https:\/\/www.sudoestehoje.com.br\/novoportal\/wp-content\/uploads\/2021\/04\/LEO-SESS\u00c3O-500x379.jpeg 500w, https:\/\/www.sudoestehoje.com.br\/novoportal\/wp-content\/uploads\/2021\/04\/LEO-SESS\u00c3O-700x531.jpeg 700w, https:\/\/www.sudoestehoje.com.br\/novoportal\/wp-content\/uploads\/2021\/04\/LEO-SESS\u00c3O-768x582.jpeg 768w, https:\/\/www.sudoestehoje.com.br\/novoportal\/wp-content\/uploads\/2021\/04\/LEO-SESS\u00c3O.jpeg 855w\" sizes=\"auto, (max-width: 500px) 100vw, 500px\" \/><\/a><\/p>\n<p>A C\u00e2mara Municipal de Itapetinga, por meio de sua Mesa Diretora, vem a p\u00fablico manifestar que est\u00e1 monitorando as informa\u00e7\u00f5es sobre o desaparecimento do vereador e presidente desta Casa Legislativa, L\u00e9o Matos (PSD).<\/p>\n<p>At\u00e9 o momento, as informa\u00e7\u00f5es oficiais d\u00e3o conta de que est\u00e3o sendo realizadas buscas em sua propriedade rural, na regi\u00e3o do povoado de Palmares, onde seu ve\u00edculo teria sido localizado.<\/p>\n<p>Vereadores e servidores do Poder Legislativo est\u00e3o firmes na f\u00e9 \u00e0 espera de boas not\u00edcias.<\/p>\n<p>L\u00e9o Matos assumiu a presid\u00eancia da C\u00e2mara em janeiro deste ano e est\u00e1 em seu primeiro mandato como vereador de sua cidade natal.<\/p>\n","protected":false},"excerpt":{"rendered":"<p>A C\u00e2mara Municipal de Itapetinga, por meio de sua Mesa Diretora, vem a p\u00fablico manifestar que est\u00e1 monitorando as informa\u00e7\u00f5es sobre o desaparecimento do vereador e presidente desta Casa Legislativa, L\u00e9o Matos (PSD). At\u00e9 o momento, as informa\u00e7\u00f5es oficiais d\u00e3o conta de que est\u00e3o sendo realizadas buscas em sua propriedade rural, na regi\u00e3o do povoado [&hellip;]<\/p>\n","protected":false},"author":2,"featured_media":94448,"comment_status":"open","ping_status":"open","sticky":false,"template":"","format":"standard","meta":{"footnotes":"","_links_to":"","_links_to_target":""},"categories":[1],"tags":[],"class_list":["post-94446","post","type-post","status-publish","format-standard","has-post-thumbnail","hentry","category-geral"],"views":1140,"_links":{"self":[{"href":"https:\/\/www.sudoestehoje.com.br\/novoportal\/wp-json\/wp\/v2\/posts\/94446","targetHints":{"allow":["GET"]}}],"collection":[{"href":"https:\/\/www.sudoestehoje.com.br\/novoportal\/wp-json\/wp\/v2\/posts"}],"about":[{"href":"https:\/\/www.sudoestehoje.com.br\/novoportal\/wp-json\/wp\/v2\/types\/post"}],"author":[{"embeddable":true,"href":"https:\/\/www.sudoestehoje.com.br\/novoportal\/wp-json\/wp\/v2\/users\/2"}],"replies":[{"embeddable":true,"href":"https:\/\/www.sudoestehoje.com.br\/novoportal\/wp-json\/wp\/v2\/comments?post=94446"}],"version-history":[{"count":2,"href":"https:\/\/www.sudoestehoje.com.br\/novoportal\/wp-json\/wp\/v2\/posts\/94446\/revisions"}],"predecessor-version":[{"id":94449,"href":"https:\/\/www.sudoestehoje.com.br\/novoportal\/wp-json\/wp\/v2\/posts\/94446\/revisions\/94449"}],"wp:featuredmedia":[{"embeddable":true,"href":"https:\/\/www.sudoestehoje.com.br\/novoportal\/wp-json\/wp\/v2\/media\/94448"}],"wp:attachment":[{"href":"https:\/\/www.sudoestehoje.com.br\/novoportal\/wp-json\/wp\/v2\/media?parent=94446"}],"wp:term":[{"taxonomy":"category","embeddable":true,"href":"https:\/\/www.sudoestehoje.com.br\/novoportal\/wp-json\/wp\/v2\/categories?post=94446"},{"taxonomy":"post_tag","embeddable":true,"href":"https:\/\/www.sudoestehoje.com.br\/novoportal\/wp-json\/wp\/v2\/tags?post=94446"}],"curies":[{"name":"wp","href":"https:\/\/api.w.org\/{rel}","templated":true}]}}