
{"id":94438,"date":"2021-04-24T16:31:27","date_gmt":"2021-04-24T19:31:27","guid":{"rendered":"https:\/\/www.sudoestehoje.com.br\/novoportal\/?p=94438"},"modified":"2021-04-24T16:34:59","modified_gmt":"2021-04-24T19:34:59","slug":"desaparecimento-de-leo-matos-preocupa-papulacao-de-itapetinga-e-regiao","status":"publish","type":"post","link":"https:\/\/www.sudoestehoje.com.br\/novoportal\/2021\/04\/24\/desaparecimento-de-leo-matos-preocupa-papulacao-de-itapetinga-e-regiao\/","title":{"rendered":"DESAPARECIMENTO DE L\u00c9O MATOS PREOCUPA POPULA\u00c7\u00c3O DE ITAPETINGA E REGI\u00c3O"},"content":{"rendered":"<p><a href=\"https:\/\/www.sudoestehoje.com.br\/novoportal\/wp-content\/uploads\/2021\/04\/leo-1.jpg\"><img loading=\"lazy\" decoding=\"async\" class=\"aligncenter size-medium wp-image-94440\" src=\"https:\/\/www.sudoestehoje.com.br\/novoportal\/wp-content\/uploads\/2021\/04\/leo-1-500x408.jpg\" alt=\"\" width=\"500\" height=\"408\" srcset=\"https:\/\/www.sudoestehoje.com.br\/novoportal\/wp-content\/uploads\/2021\/04\/leo-1-500x408.jpg 500w, https:\/\/www.sudoestehoje.com.br\/novoportal\/wp-content\/uploads\/2021\/04\/leo-1.jpg 615w\" sizes=\"auto, (max-width: 500px) 100vw, 500px\" \/><\/a><\/p>\n<p>Na tarde deste s\u00e1bado (24) veio ao conhecimento p\u00fablico o desaparecimento do vereador Leonardo Matos (PSD), presidente da C\u00e2mara Municipal de Itapetinga.<\/p>\n<p>A not\u00edcia chocou a popula\u00e7\u00e3o de Itapetinga e regi\u00e3o, deixando familiares, assessores e amigos apreensivos.<\/p>\n<p>Informa\u00e7\u00f5es desencontradas est\u00e3o circulando na internet, mas nada ainda foi esclarecido sobre o paradeiro do l\u00edder pol\u00edtico, pessoa querida e respeitada no meio pol\u00edtico local e estadual.<\/p>\n<p>Buscas est\u00e3o sendo realizadas na sua propriedade rural, na regi\u00e3o do povoado de Palmares, onde seu ve\u00edculo teria sido localizado.<\/p>\n<p>AGUARDEM MAIS INFORMA\u00c7\u00d5ES.<\/p>\n<p><strong><em>Por Davi Ferraz<\/em><\/strong><\/p>\n","protected":false},"excerpt":{"rendered":"<p>Na tarde deste s\u00e1bado (24) veio ao conhecimento p\u00fablico o desaparecimento do vereador Leonardo Matos (PSD), presidente da C\u00e2mara Municipal de Itapetinga. A not\u00edcia chocou a popula\u00e7\u00e3o de Itapetinga e regi\u00e3o, deixando familiares, assessores e amigos apreensivos. Informa\u00e7\u00f5es desencontradas est\u00e3o circulando na internet, mas nada ainda foi esclarecido sobre o paradeiro do l\u00edder pol\u00edtico, pessoa [&hellip;]<\/p>\n","protected":false},"author":2,"featured_media":94440,"comment_status":"open","ping_status":"open","sticky":false,"template":"","format":"standard","meta":{"footnotes":"","_links_to":"","_links_to_target":""},"categories":[1],"tags":[],"class_list":["post-94438","post","type-post","status-publish","format-standard","has-post-thumbnail","hentry","category-geral"],"views":2019,"_links":{"self":[{"href":"https:\/\/www.sudoestehoje.com.br\/novoportal\/wp-json\/wp\/v2\/posts\/94438","targetHints":{"allow":["GET"]}}],"collection":[{"href":"https:\/\/www.sudoestehoje.com.br\/novoportal\/wp-json\/wp\/v2\/posts"}],"about":[{"href":"https:\/\/www.sudoestehoje.com.br\/novoportal\/wp-json\/wp\/v2\/types\/post"}],"author":[{"embeddable":true,"href":"https:\/\/www.sudoestehoje.com.br\/novoportal\/wp-json\/wp\/v2\/users\/2"}],"replies":[{"embeddable":true,"href":"https:\/\/www.sudoestehoje.com.br\/novoportal\/wp-json\/wp\/v2\/comments?post=94438"}],"version-history":[{"count":4,"href":"https:\/\/www.sudoestehoje.com.br\/novoportal\/wp-json\/wp\/v2\/posts\/94438\/revisions"}],"predecessor-version":[{"id":94444,"href":"https:\/\/www.sudoestehoje.com.br\/novoportal\/wp-json\/wp\/v2\/posts\/94438\/revisions\/94444"}],"wp:featuredmedia":[{"embeddable":true,"href":"https:\/\/www.sudoestehoje.com.br\/novoportal\/wp-json\/wp\/v2\/media\/94440"}],"wp:attachment":[{"href":"https:\/\/www.sudoestehoje.com.br\/novoportal\/wp-json\/wp\/v2\/media?parent=94438"}],"wp:term":[{"taxonomy":"category","embeddable":true,"href":"https:\/\/www.sudoestehoje.com.br\/novoportal\/wp-json\/wp\/v2\/categories?post=94438"},{"taxonomy":"post_tag","embeddable":true,"href":"https:\/\/www.sudoestehoje.com.br\/novoportal\/wp-json\/wp\/v2\/tags?post=94438"}],"curies":[{"name":"wp","href":"https:\/\/api.w.org\/{rel}","templated":true}]}}