
{"id":94434,"date":"2021-04-22T21:53:49","date_gmt":"2021-04-23T00:53:49","guid":{"rendered":"https:\/\/www.sudoestehoje.com.br\/novoportal\/?p=94434"},"modified":"2021-04-22T22:02:05","modified_gmt":"2021-04-23T01:02:05","slug":"nota-de-pesar-saae-de-itapetinga","status":"publish","type":"post","link":"https:\/\/www.sudoestehoje.com.br\/novoportal\/2021\/04\/22\/nota-de-pesar-saae-de-itapetinga\/","title":{"rendered":"NOTA DE PESAR \u2013 SAAE DE ITAPETINGA"},"content":{"rendered":"<p><a href=\"https:\/\/www.sudoestehoje.com.br\/novoportal\/wp-content\/uploads\/2021\/04\/guina-saae.jpg\"><img loading=\"lazy\" decoding=\"async\" class=\"aligncenter wp-image-94435\" src=\"https:\/\/www.sudoestehoje.com.br\/novoportal\/wp-content\/uploads\/2021\/04\/guina-saae.jpg\" alt=\"\" width=\"501\" height=\"501\" srcset=\"https:\/\/www.sudoestehoje.com.br\/novoportal\/wp-content\/uploads\/2021\/04\/guina-saae.jpg 300w, https:\/\/www.sudoestehoje.com.br\/novoportal\/wp-content\/uploads\/2021\/04\/guina-saae-150x150.jpg 150w\" sizes=\"auto, (max-width: 501px) 100vw, 501px\" \/><\/a><\/p>\n<p>A dire\u00e7\u00e3o do SAAE de Itapetinga e todos os seus servidores manifestam o mais profundo sentimento de pesar pelo falecimento de Yasmim Santos Souza, de apenas 11 anos de idade, filha o servidor do SAAE Agnaldo Jesus Santos (Guina) e de Rosana Lima Souza, funcion\u00e1ria da Vulcabras\/Azaleia.<\/p>\n<p>Yasmim estava internada no Hospital Manoel Novaes em Itabuna, lutando contra a meningite quando veio a \u00f3bito na tarde de hoje.<\/p>\n<p>O corpo de Yasmim ser\u00e1 velado no Cerimonial da Pax Perfei\u00e7\u00e3o e ser\u00e1 sepultado na manh\u00e3 desta sexta-feira, 23\/04, \u00e0s 10h, no Cemit\u00e9rio Parque da Eternidade.<\/p>\n<p>Que o nosso bom Deus conforte o cora\u00e7\u00e3o dos familiares e d\u00ea for\u00e7a neste momento t\u00e3o dif\u00edcil pelo qual est\u00e3o passando.<\/p>\n<p>Resta-nos o conforto de saber que o bom Deus a recebe de bra\u00e7os abertos em sua Gl\u00f3ria.<\/p>\n<p>SAAE de Itapetinga<\/p>\n","protected":false},"excerpt":{"rendered":"<p>A dire\u00e7\u00e3o do SAAE de Itapetinga e todos os seus servidores manifestam o mais profundo sentimento de pesar pelo falecimento de Yasmim Santos Souza, de apenas 11 anos de idade, filha o servidor do SAAE Agnaldo Jesus Santos (Guina) e de Rosana Lima Souza, funcion\u00e1ria da Vulcabras\/Azaleia. Yasmim estava internada no Hospital Manoel Novaes em [&hellip;]<\/p>\n","protected":false},"author":2,"featured_media":94435,"comment_status":"open","ping_status":"open","sticky":false,"template":"","format":"standard","meta":{"footnotes":"","_links_to":"","_links_to_target":""},"categories":[1],"tags":[],"class_list":["post-94434","post","type-post","status-publish","format-standard","has-post-thumbnail","hentry","category-geral"],"views":738,"_links":{"self":[{"href":"https:\/\/www.sudoestehoje.com.br\/novoportal\/wp-json\/wp\/v2\/posts\/94434","targetHints":{"allow":["GET"]}}],"collection":[{"href":"https:\/\/www.sudoestehoje.com.br\/novoportal\/wp-json\/wp\/v2\/posts"}],"about":[{"href":"https:\/\/www.sudoestehoje.com.br\/novoportal\/wp-json\/wp\/v2\/types\/post"}],"author":[{"embeddable":true,"href":"https:\/\/www.sudoestehoje.com.br\/novoportal\/wp-json\/wp\/v2\/users\/2"}],"replies":[{"embeddable":true,"href":"https:\/\/www.sudoestehoje.com.br\/novoportal\/wp-json\/wp\/v2\/comments?post=94434"}],"version-history":[{"count":2,"href":"https:\/\/www.sudoestehoje.com.br\/novoportal\/wp-json\/wp\/v2\/posts\/94434\/revisions"}],"predecessor-version":[{"id":94437,"href":"https:\/\/www.sudoestehoje.com.br\/novoportal\/wp-json\/wp\/v2\/posts\/94434\/revisions\/94437"}],"wp:featuredmedia":[{"embeddable":true,"href":"https:\/\/www.sudoestehoje.com.br\/novoportal\/wp-json\/wp\/v2\/media\/94435"}],"wp:attachment":[{"href":"https:\/\/www.sudoestehoje.com.br\/novoportal\/wp-json\/wp\/v2\/media?parent=94434"}],"wp:term":[{"taxonomy":"category","embeddable":true,"href":"https:\/\/www.sudoestehoje.com.br\/novoportal\/wp-json\/wp\/v2\/categories?post=94434"},{"taxonomy":"post_tag","embeddable":true,"href":"https:\/\/www.sudoestehoje.com.br\/novoportal\/wp-json\/wp\/v2\/tags?post=94434"}],"curies":[{"name":"wp","href":"https:\/\/api.w.org\/{rel}","templated":true}]}}