
{"id":94424,"date":"2021-04-22T21:03:43","date_gmt":"2021-04-23T00:03:43","guid":{"rendered":"https:\/\/www.sudoestehoje.com.br\/novoportal\/?p=94424"},"modified":"2021-04-22T21:07:51","modified_gmt":"2021-04-23T00:07:51","slug":"ong-internacional-aponta-conquista-como-20a-cidade-mais-violenta-do-mundo","status":"publish","type":"post","link":"https:\/\/www.sudoestehoje.com.br\/novoportal\/2021\/04\/22\/ong-internacional-aponta-conquista-como-20a-cidade-mais-violenta-do-mundo\/","title":{"rendered":"ONG INTERNACIONAL APONTA CONQUISTA COMO 20\u00aa CIDADE MAIS VIOLENTA DO MUNDO"},"content":{"rendered":"<div class=\"mc-column content-text active-extra-styles \" data-block-type=\"unstyled\" data-block-weight=\"40\" data-block-id=\"2\">\n<p data-track-category=\"Link no Texto\" data-track-links=\"\"><a href=\"https:\/\/www.sudoestehoje.com.br\/novoportal\/wp-content\/uploads\/2021\/04\/CONQUISTA.jpg\"><img loading=\"lazy\" decoding=\"async\" class=\"aligncenter size-full wp-image-94428\" src=\"https:\/\/www.sudoestehoje.com.br\/novoportal\/wp-content\/uploads\/2021\/04\/CONQUISTA.jpg\" alt=\"\" width=\"500\" height=\"235\" \/><\/a><\/p>\n<p data-track-category=\"Link no Texto\" data-track-links=\"\"><em><strong>G1<\/strong><\/em><\/p>\n<p class=\"content-text__container \" data-track-category=\"Link no Texto\" data-track-links=\"\">A ONG mexicana Conselho Cidad\u00e3o para Seguran\u00e7a P\u00fablica e Justi\u00e7a Penal apontou Vit\u00f3ria da Conquista como a 20\u00aa cidade mais violenta do mundo. Entre os 50 munic\u00edpios listados no estudo tamb\u00e9m est\u00e3o Feira de Santana (9\u00aa posi\u00e7\u00e3o) e Salvador (28\u00aa).<\/p>\n<\/div>\n<div class=\"wall protected-content\">\n<div class=\"mc-column content-text active-extra-styles \" data-block-type=\"unstyled\" data-block-weight=\"30\" data-block-id=\"3\">\n<p class=\"content-text__container \" data-track-category=\"Link no Texto\" data-track-links=\"\">O Conselho Cidad\u00e3o para Seguran\u00e7a P\u00fablica e Justi\u00e7a Penal \u00e9 uma das principais entidades internacionais no monitoramento de taxas de crimes violentos, seguran\u00e7a p\u00fablica, narcotr\u00e1fico e pol\u00edticas de governo.<\/p>\n<\/div>\n<div class=\"mc-column content-text active-extra-styles \" data-block-type=\"unstyled\" data-block-weight=\"37\" data-block-id=\"4\">\n<p class=\"content-text__container \" data-track-category=\"Link no Texto\" data-track-links=\"\">Para fazer o ranking, a institui\u00e7\u00e3o leva em considera\u00e7\u00e3o as taxas de homic\u00eddios de cidades com mais de 300 mil habitantes. O \u00edndice \u00e9 calculado por n\u00famero de homic\u00eddios a cada 100 mil habitantes.\u00a0<strong>Veja lista abaixo.<\/strong><\/p>\n<p data-track-category=\"Link no Texto\" data-track-links=\"\"><a href=\"https:\/\/www.sudoestehoje.com.br\/novoportal\/wp-content\/uploads\/2021\/04\/lista-cidades.jpg\"><img loading=\"lazy\" decoding=\"async\" class=\"aligncenter size-medium wp-image-94430\" src=\"https:\/\/www.sudoestehoje.com.br\/novoportal\/wp-content\/uploads\/2021\/04\/lista-cidades-500x612.jpg\" alt=\"\" width=\"500\" height=\"612\" srcset=\"https:\/\/www.sudoestehoje.com.br\/novoportal\/wp-content\/uploads\/2021\/04\/lista-cidades-500x612.jpg 500w, https:\/\/www.sudoestehoje.com.br\/novoportal\/wp-content\/uploads\/2021\/04\/lista-cidades-700x857.jpg 700w, https:\/\/www.sudoestehoje.com.br\/novoportal\/wp-content\/uploads\/2021\/04\/lista-cidades-768x940.jpg 768w, https:\/\/www.sudoestehoje.com.br\/novoportal\/wp-content\/uploads\/2021\/04\/lista-cidades.jpg 984w\" sizes=\"auto, (max-width: 500px) 100vw, 500px\" \/><\/a><\/p>\n<\/div>\n<\/div>\n","protected":false},"excerpt":{"rendered":"<p>G1 A ONG mexicana Conselho Cidad\u00e3o para Seguran\u00e7a P\u00fablica e Justi\u00e7a Penal apontou Vit\u00f3ria da Conquista como a 20\u00aa cidade mais violenta do mundo. Entre os 50 munic\u00edpios listados no estudo tamb\u00e9m est\u00e3o Feira de Santana (9\u00aa posi\u00e7\u00e3o) e Salvador (28\u00aa). O Conselho Cidad\u00e3o para Seguran\u00e7a P\u00fablica e Justi\u00e7a Penal \u00e9 uma das principais entidades [&hellip;]<\/p>\n","protected":false},"author":2,"featured_media":94428,"comment_status":"open","ping_status":"open","sticky":false,"template":"","format":"standard","meta":{"footnotes":"","_links_to":"","_links_to_target":""},"categories":[1],"tags":[],"class_list":["post-94424","post","type-post","status-publish","format-standard","has-post-thumbnail","hentry","category-geral"],"views":889,"_links":{"self":[{"href":"https:\/\/www.sudoestehoje.com.br\/novoportal\/wp-json\/wp\/v2\/posts\/94424","targetHints":{"allow":["GET"]}}],"collection":[{"href":"https:\/\/www.sudoestehoje.com.br\/novoportal\/wp-json\/wp\/v2\/posts"}],"about":[{"href":"https:\/\/www.sudoestehoje.com.br\/novoportal\/wp-json\/wp\/v2\/types\/post"}],"author":[{"embeddable":true,"href":"https:\/\/www.sudoestehoje.com.br\/novoportal\/wp-json\/wp\/v2\/users\/2"}],"replies":[{"embeddable":true,"href":"https:\/\/www.sudoestehoje.com.br\/novoportal\/wp-json\/wp\/v2\/comments?post=94424"}],"version-history":[{"count":7,"href":"https:\/\/www.sudoestehoje.com.br\/novoportal\/wp-json\/wp\/v2\/posts\/94424\/revisions"}],"predecessor-version":[{"id":94433,"href":"https:\/\/www.sudoestehoje.com.br\/novoportal\/wp-json\/wp\/v2\/posts\/94424\/revisions\/94433"}],"wp:featuredmedia":[{"embeddable":true,"href":"https:\/\/www.sudoestehoje.com.br\/novoportal\/wp-json\/wp\/v2\/media\/94428"}],"wp:attachment":[{"href":"https:\/\/www.sudoestehoje.com.br\/novoportal\/wp-json\/wp\/v2\/media?parent=94424"}],"wp:term":[{"taxonomy":"category","embeddable":true,"href":"https:\/\/www.sudoestehoje.com.br\/novoportal\/wp-json\/wp\/v2\/categories?post=94424"},{"taxonomy":"post_tag","embeddable":true,"href":"https:\/\/www.sudoestehoje.com.br\/novoportal\/wp-json\/wp\/v2\/tags?post=94424"}],"curies":[{"name":"wp","href":"https:\/\/api.w.org\/{rel}","templated":true}]}}