
{"id":94406,"date":"2021-04-22T10:30:24","date_gmt":"2021-04-22T13:30:24","guid":{"rendered":"https:\/\/www.sudoestehoje.com.br\/novoportal\/?p=94406"},"modified":"2021-04-22T19:26:05","modified_gmt":"2021-04-22T22:26:05","slug":"itapetinga-saae-faz-parceria-com-acao-social-para-recuperar-lavanderias-comunitarias","status":"publish","type":"post","link":"https:\/\/www.sudoestehoje.com.br\/novoportal\/2021\/04\/22\/itapetinga-saae-faz-parceria-com-acao-social-para-recuperar-lavanderias-comunitarias\/","title":{"rendered":"ITAPETINGA: SAAE FAZ PARCERIA COM A\u00c7\u00c3O SOCIAL PARA RECUPERAR LAVANDERIAS COMUNIT\u00c1RIAS"},"content":{"rendered":"<p><a href=\"https:\/\/www.sudoestehoje.com.br\/novoportal\/wp-content\/uploads\/2021\/04\/lavanderia-1.jpeg\"><img loading=\"lazy\" decoding=\"async\" class=\"aligncenter size-medium wp-image-94408\" src=\"https:\/\/www.sudoestehoje.com.br\/novoportal\/wp-content\/uploads\/2021\/04\/lavanderia-1-500x231.jpeg\" alt=\"\" width=\"500\" height=\"231\" srcset=\"https:\/\/www.sudoestehoje.com.br\/novoportal\/wp-content\/uploads\/2021\/04\/lavanderia-1-500x231.jpeg 500w, https:\/\/www.sudoestehoje.com.br\/novoportal\/wp-content\/uploads\/2021\/04\/lavanderia-1-700x323.jpeg 700w, https:\/\/www.sudoestehoje.com.br\/novoportal\/wp-content\/uploads\/2021\/04\/lavanderia-1-768x355.jpeg 768w, https:\/\/www.sudoestehoje.com.br\/novoportal\/wp-content\/uploads\/2021\/04\/lavanderia-1.jpeg 1024w\" sizes=\"auto, (max-width: 500px) 100vw, 500px\" \/><\/a><\/p>\n<p>Seguindo seu prop\u00f3sito de otimizar os servi\u00e7os e trabalhar na utiliza\u00e7\u00e3o da \u00e1gua sem desperd\u00edcio, o SAAE de Itapetinga firmou parceria com a Secretaria de Desenvolvimento Social, pasta que administra as lavanderias comunit\u00e1rias do Munic\u00edpio, no sentido de viabilizar repara\u00e7\u00f5es nas instala\u00e7\u00f5es hidr\u00e1ulicas e de esgoto, fornecendo m\u00e3o de obra especializada e material necess\u00e1rio, com substitui\u00e7\u00e3o de torneiras, retirada de vazamentos e controle dos n\u00edveis de reservat\u00f3rios, al\u00e9m de contribuir tamb\u00e9m com pinturas externas e internas em algumas ocasi\u00f5es.<\/p>\n<p><a href=\"https:\/\/www.sudoestehoje.com.br\/novoportal\/wp-content\/uploads\/2021\/04\/LAVANDERIA-2.jpg\"><img loading=\"lazy\" decoding=\"async\" class=\"aligncenter size-medium wp-image-94412\" src=\"https:\/\/www.sudoestehoje.com.br\/novoportal\/wp-content\/uploads\/2021\/04\/LAVANDERIA-2-500x281.jpg\" alt=\"\" width=\"500\" height=\"281\" srcset=\"https:\/\/www.sudoestehoje.com.br\/novoportal\/wp-content\/uploads\/2021\/04\/LAVANDERIA-2-500x281.jpg 500w, https:\/\/www.sudoestehoje.com.br\/novoportal\/wp-content\/uploads\/2021\/04\/LAVANDERIA-2-700x394.jpg 700w, https:\/\/www.sudoestehoje.com.br\/novoportal\/wp-content\/uploads\/2021\/04\/LAVANDERIA-2-768x432.jpg 768w, https:\/\/www.sudoestehoje.com.br\/novoportal\/wp-content\/uploads\/2021\/04\/LAVANDERIA-2.jpg 1024w\" sizes=\"auto, (max-width: 500px) 100vw, 500px\" \/><\/a><\/p>\n<p>Al\u00e9m do SAAE outra secretaria que tamb\u00e9m se associou ao projeto foi a de Meio Ambiente, que tamb\u00e9m em muito contribuiu para que as lavanderias da Sede e dos distritos possam funcionar perfeitamente, com uso racional da \u00e1gua e maior condi\u00e7\u00f5es de ambiente e de trabalho para as lavadeiras.<\/p>\n<p><a href=\"https:\/\/www.sudoestehoje.com.br\/novoportal\/wp-content\/uploads\/2021\/04\/LAVANDERIA-3.jpeg\"><img loading=\"lazy\" decoding=\"async\" class=\"aligncenter size-medium wp-image-94413\" src=\"https:\/\/www.sudoestehoje.com.br\/novoportal\/wp-content\/uploads\/2021\/04\/LAVANDERIA-3-500x231.jpeg\" alt=\"\" width=\"500\" height=\"231\" srcset=\"https:\/\/www.sudoestehoje.com.br\/novoportal\/wp-content\/uploads\/2021\/04\/LAVANDERIA-3-500x231.jpeg 500w, https:\/\/www.sudoestehoje.com.br\/novoportal\/wp-content\/uploads\/2021\/04\/LAVANDERIA-3-700x323.jpeg 700w, https:\/\/www.sudoestehoje.com.br\/novoportal\/wp-content\/uploads\/2021\/04\/LAVANDERIA-3-768x355.jpeg 768w, https:\/\/www.sudoestehoje.com.br\/novoportal\/wp-content\/uploads\/2021\/04\/LAVANDERIA-3.jpeg 1024w\" sizes=\"auto, (max-width: 500px) 100vw, 500px\" \/><\/a><\/p>\n<p>Inicialmente foram recuperadas as lavanderias do Primavera e das Casas Populares e est\u00e3o em andamento a do Clodoaldo Costa e do Distrito de Bandeira do Col\u00f4nia<\/p>\n<p>\u00c9 o SAAE de Itapetinga cuidando bem da \u00e1gua que voc\u00ea consome. <em>\/\/Ascom SAAE<\/em><\/p>\n","protected":false},"excerpt":{"rendered":"<p>Seguindo seu prop\u00f3sito de otimizar os servi\u00e7os e trabalhar na utiliza\u00e7\u00e3o da \u00e1gua sem desperd\u00edcio, o SAAE de Itapetinga firmou parceria com a Secretaria de Desenvolvimento Social, pasta que administra as lavanderias comunit\u00e1rias do Munic\u00edpio, no sentido de viabilizar repara\u00e7\u00f5es nas instala\u00e7\u00f5es hidr\u00e1ulicas e de esgoto, fornecendo m\u00e3o de obra especializada e material necess\u00e1rio, com [&hellip;]<\/p>\n","protected":false},"author":2,"featured_media":94408,"comment_status":"open","ping_status":"open","sticky":false,"template":"","format":"standard","meta":{"footnotes":"","_links_to":"","_links_to_target":""},"categories":[1],"tags":[],"class_list":["post-94406","post","type-post","status-publish","format-standard","has-post-thumbnail","hentry","category-geral"],"views":834,"_links":{"self":[{"href":"https:\/\/www.sudoestehoje.com.br\/novoportal\/wp-json\/wp\/v2\/posts\/94406","targetHints":{"allow":["GET"]}}],"collection":[{"href":"https:\/\/www.sudoestehoje.com.br\/novoportal\/wp-json\/wp\/v2\/posts"}],"about":[{"href":"https:\/\/www.sudoestehoje.com.br\/novoportal\/wp-json\/wp\/v2\/types\/post"}],"author":[{"embeddable":true,"href":"https:\/\/www.sudoestehoje.com.br\/novoportal\/wp-json\/wp\/v2\/users\/2"}],"replies":[{"embeddable":true,"href":"https:\/\/www.sudoestehoje.com.br\/novoportal\/wp-json\/wp\/v2\/comments?post=94406"}],"version-history":[{"count":5,"href":"https:\/\/www.sudoestehoje.com.br\/novoportal\/wp-json\/wp\/v2\/posts\/94406\/revisions"}],"predecessor-version":[{"id":94414,"href":"https:\/\/www.sudoestehoje.com.br\/novoportal\/wp-json\/wp\/v2\/posts\/94406\/revisions\/94414"}],"wp:featuredmedia":[{"embeddable":true,"href":"https:\/\/www.sudoestehoje.com.br\/novoportal\/wp-json\/wp\/v2\/media\/94408"}],"wp:attachment":[{"href":"https:\/\/www.sudoestehoje.com.br\/novoportal\/wp-json\/wp\/v2\/media?parent=94406"}],"wp:term":[{"taxonomy":"category","embeddable":true,"href":"https:\/\/www.sudoestehoje.com.br\/novoportal\/wp-json\/wp\/v2\/categories?post=94406"},{"taxonomy":"post_tag","embeddable":true,"href":"https:\/\/www.sudoestehoje.com.br\/novoportal\/wp-json\/wp\/v2\/tags?post=94406"}],"curies":[{"name":"wp","href":"https:\/\/api.w.org\/{rel}","templated":true}]}}