
{"id":94400,"date":"2021-04-22T10:03:58","date_gmt":"2021-04-22T13:03:58","guid":{"rendered":"https:\/\/www.sudoestehoje.com.br\/novoportal\/?p=94400"},"modified":"2021-04-22T10:03:58","modified_gmt":"2021-04-22T13:03:58","slug":"invernou-em-itapetinga-e-regiao","status":"publish","type":"post","link":"https:\/\/www.sudoestehoje.com.br\/novoportal\/2021\/04\/22\/invernou-em-itapetinga-e-regiao\/","title":{"rendered":"INVERNOU EM ITAPETINGA E REGI\u00c3O"},"content":{"rendered":"<p><a href=\"https:\/\/www.sudoestehoje.com.br\/novoportal\/wp-content\/uploads\/2021\/04\/chuva-1.jpeg\"><img loading=\"lazy\" decoding=\"async\" class=\"aligncenter size-medium wp-image-94401\" src=\"https:\/\/www.sudoestehoje.com.br\/novoportal\/wp-content\/uploads\/2021\/04\/chuva-1-500x281.jpeg\" alt=\"\" width=\"500\" height=\"281\" srcset=\"https:\/\/www.sudoestehoje.com.br\/novoportal\/wp-content\/uploads\/2021\/04\/chuva-1-500x281.jpeg 500w, https:\/\/www.sudoestehoje.com.br\/novoportal\/wp-content\/uploads\/2021\/04\/chuva-1-700x394.jpeg 700w, https:\/\/www.sudoestehoje.com.br\/novoportal\/wp-content\/uploads\/2021\/04\/chuva-1-768x432.jpeg 768w, https:\/\/www.sudoestehoje.com.br\/novoportal\/wp-content\/uploads\/2021\/04\/chuva-1.jpeg 1280w\" sizes=\"auto, (max-width: 500px) 100vw, 500px\" \/><\/a><\/p>\n<p>Desde a tarde de ontem, feriado de Tiradentes (21), que n\u00e3o para de chover em Itapetinga e regi\u00e3o. Apesar da &#8216;invernada&#8217;, as precipita\u00e7\u00f5es n\u00e3o tiveram for\u00e7a para causar muitos transtornos na cidade e \u00e0 sua popula\u00e7\u00e3o.<\/p>\n<p>Em algumas cidades do sul do estado e sudoeste, entretanto, as chuvas que ca\u00edram nas \u00faltimas 48 horas alagaram ruas, casas e estabelecimentos comerciais, como em Ilh\u00e9us, onde todo o centro comercial ficou alagado.<\/p>\n<p><a href=\"https:\/\/www.sudoestehoje.com.br\/novoportal\/wp-content\/uploads\/2021\/04\/chuva-2.jpeg\"><img loading=\"lazy\" decoding=\"async\" class=\"aligncenter size-medium wp-image-94402\" src=\"https:\/\/www.sudoestehoje.com.br\/novoportal\/wp-content\/uploads\/2021\/04\/chuva-2-500x281.jpeg\" alt=\"\" width=\"500\" height=\"281\" srcset=\"https:\/\/www.sudoestehoje.com.br\/novoportal\/wp-content\/uploads\/2021\/04\/chuva-2-500x281.jpeg 500w, https:\/\/www.sudoestehoje.com.br\/novoportal\/wp-content\/uploads\/2021\/04\/chuva-2-700x394.jpeg 700w, https:\/\/www.sudoestehoje.com.br\/novoportal\/wp-content\/uploads\/2021\/04\/chuva-2-768x432.jpeg 768w, https:\/\/www.sudoestehoje.com.br\/novoportal\/wp-content\/uploads\/2021\/04\/chuva-2.jpeg 1280w\" sizes=\"auto, (max-width: 500px) 100vw, 500px\" \/><\/a><\/p>\n<p>De acordo com as previs\u00f5es, deve continuar chovendo forte em toda a Bahia, durante o resto da semana.<\/p>\n<p><strong><em>Por Davi Ferraz<\/em><\/strong><\/p>\n","protected":false},"excerpt":{"rendered":"<p>Desde a tarde de ontem, feriado de Tiradentes (21), que n\u00e3o para de chover em Itapetinga e regi\u00e3o. Apesar da &#8216;invernada&#8217;, as precipita\u00e7\u00f5es n\u00e3o tiveram for\u00e7a para causar muitos transtornos na cidade e \u00e0 sua popula\u00e7\u00e3o. Em algumas cidades do sul do estado e sudoeste, entretanto, as chuvas que ca\u00edram nas \u00faltimas 48 horas alagaram [&hellip;]<\/p>\n","protected":false},"author":2,"featured_media":94401,"comment_status":"open","ping_status":"open","sticky":false,"template":"","format":"standard","meta":{"footnotes":"","_links_to":"","_links_to_target":""},"categories":[1],"tags":[],"class_list":["post-94400","post","type-post","status-publish","format-standard","has-post-thumbnail","hentry","category-geral"],"views":926,"_links":{"self":[{"href":"https:\/\/www.sudoestehoje.com.br\/novoportal\/wp-json\/wp\/v2\/posts\/94400","targetHints":{"allow":["GET"]}}],"collection":[{"href":"https:\/\/www.sudoestehoje.com.br\/novoportal\/wp-json\/wp\/v2\/posts"}],"about":[{"href":"https:\/\/www.sudoestehoje.com.br\/novoportal\/wp-json\/wp\/v2\/types\/post"}],"author":[{"embeddable":true,"href":"https:\/\/www.sudoestehoje.com.br\/novoportal\/wp-json\/wp\/v2\/users\/2"}],"replies":[{"embeddable":true,"href":"https:\/\/www.sudoestehoje.com.br\/novoportal\/wp-json\/wp\/v2\/comments?post=94400"}],"version-history":[{"count":1,"href":"https:\/\/www.sudoestehoje.com.br\/novoportal\/wp-json\/wp\/v2\/posts\/94400\/revisions"}],"predecessor-version":[{"id":94403,"href":"https:\/\/www.sudoestehoje.com.br\/novoportal\/wp-json\/wp\/v2\/posts\/94400\/revisions\/94403"}],"wp:featuredmedia":[{"embeddable":true,"href":"https:\/\/www.sudoestehoje.com.br\/novoportal\/wp-json\/wp\/v2\/media\/94401"}],"wp:attachment":[{"href":"https:\/\/www.sudoestehoje.com.br\/novoportal\/wp-json\/wp\/v2\/media?parent=94400"}],"wp:term":[{"taxonomy":"category","embeddable":true,"href":"https:\/\/www.sudoestehoje.com.br\/novoportal\/wp-json\/wp\/v2\/categories?post=94400"},{"taxonomy":"post_tag","embeddable":true,"href":"https:\/\/www.sudoestehoje.com.br\/novoportal\/wp-json\/wp\/v2\/tags?post=94400"}],"curies":[{"name":"wp","href":"https:\/\/api.w.org\/{rel}","templated":true}]}}