
{"id":94396,"date":"2021-04-22T01:06:13","date_gmt":"2021-04-22T04:06:13","guid":{"rendered":"https:\/\/www.sudoestehoje.com.br\/novoportal\/?p=94396"},"modified":"2021-04-22T01:06:13","modified_gmt":"2021-04-22T04:06:13","slug":"itapetinga-funcionario-da-farmacia-camaca-morre-em-acidente-no-trevo-da-azaleia","status":"publish","type":"post","link":"https:\/\/www.sudoestehoje.com.br\/novoportal\/2021\/04\/22\/itapetinga-funcionario-da-farmacia-camaca-morre-em-acidente-no-trevo-da-azaleia\/","title":{"rendered":"ITAPETINGA: FUNCION\u00c1RIO DA FARM\u00c1CIA CAMAC\u00c3 MORRE EM ACIDENTE NO TREVO DA AZALEIA"},"content":{"rendered":"<p><a href=\"https:\/\/1.bp.blogspot.com\/-Guz2y7cv0oI\/YIDrespYWtI\/AAAAAAACKQY\/dqTPdpusx0Q734fJGslm2eeeBkVYwuG9wCLcBGAsYHQ\/s720\/IMG-20210421-WA0217.jpg\"><img loading=\"lazy\" decoding=\"async\" class=\"\" src=\"https:\/\/1.bp.blogspot.com\/-Guz2y7cv0oI\/YIDrespYWtI\/AAAAAAACKQY\/dqTPdpusx0Q734fJGslm2eeeBkVYwuG9wCLcBGAsYHQ\/s320\/IMG-20210421-WA0217.jpg\" width=\"499\" height=\"490\" border=\"0\" data-original-height=\"708\" data-original-width=\"720\" \/><\/a><\/p>\n<p>Um acidente ocorrido na noite desta quarta-feira (21), nas imedia\u00e7\u00f5es do trevo da Azaleia, tirou a vida de Halisson Carneiro, 43 anos, funcion\u00e1rio da Farm\u00e1cia Camac\u00e3, localizada em Itapetinga.<\/p>\n<p>De acordo com relatos de socorristas do Samu-192 e brigadistas do Corpo de Bombeiros, Halisson chocou seu ve\u00edculo na traseira de um caminh\u00e3o e ficou preso nas ferragens, vindo a \u00f3bito.<\/p>\n<p><a href=\"https:\/\/1.bp.blogspot.com\/-MCXDoXGTOyc\/YIDr1Aag0-I\/AAAAAAACKQg\/EAvuyxzczbA2Akd9jSLSp7PXRdDtqGQBwCLcBGAsYHQ\/s730\/IMG_20210421_234144_574.jpg\"><img loading=\"lazy\" decoding=\"async\" class=\"\" src=\"https:\/\/1.bp.blogspot.com\/-MCXDoXGTOyc\/YIDr1Aag0-I\/AAAAAAACKQg\/EAvuyxzczbA2Akd9jSLSp7PXRdDtqGQBwCLcBGAsYHQ\/s320\/IMG_20210421_234144_574.jpg\" width=\"500\" height=\"414\" border=\"0\" data-original-height=\"605\" data-original-width=\"730\" \/><\/a><\/p>\n<p>Al\u00e9m de funcion\u00e1rio, Halisson era tamb\u00e9m irm\u00e3o do propriet\u00e1rio da Farm\u00e1cia Camac\u00e3, Ant\u00f4nio Carneiro, empres\u00e1rio conhecido e conceituado em Itapetinga.<\/p>\n<p>Ap\u00f3s constatada a morte, o corpo foi encaminhado ao IML de Itapetinga, para necropsia.<\/p>\n<p><strong><em>Por Davi Ferraz<\/em><\/strong><\/p>\n","protected":false},"excerpt":{"rendered":"<p>Um acidente ocorrido na noite desta quarta-feira (21), nas imedia\u00e7\u00f5es do trevo da Azaleia, tirou a vida de Halisson Carneiro, 43 anos, funcion\u00e1rio da Farm\u00e1cia Camac\u00e3, localizada em Itapetinga. De acordo com relatos de socorristas do Samu-192 e brigadistas do Corpo de Bombeiros, Halisson chocou seu ve\u00edculo na traseira de um caminh\u00e3o e ficou preso [&hellip;]<\/p>\n","protected":false},"author":2,"featured_media":0,"comment_status":"open","ping_status":"open","sticky":false,"template":"","format":"standard","meta":{"footnotes":"","_links_to":"","_links_to_target":""},"categories":[1],"tags":[],"class_list":["post-94396","post","type-post","status-publish","format-standard","hentry","category-geral"],"views":2299,"_links":{"self":[{"href":"https:\/\/www.sudoestehoje.com.br\/novoportal\/wp-json\/wp\/v2\/posts\/94396","targetHints":{"allow":["GET"]}}],"collection":[{"href":"https:\/\/www.sudoestehoje.com.br\/novoportal\/wp-json\/wp\/v2\/posts"}],"about":[{"href":"https:\/\/www.sudoestehoje.com.br\/novoportal\/wp-json\/wp\/v2\/types\/post"}],"author":[{"embeddable":true,"href":"https:\/\/www.sudoestehoje.com.br\/novoportal\/wp-json\/wp\/v2\/users\/2"}],"replies":[{"embeddable":true,"href":"https:\/\/www.sudoestehoje.com.br\/novoportal\/wp-json\/wp\/v2\/comments?post=94396"}],"version-history":[{"count":3,"href":"https:\/\/www.sudoestehoje.com.br\/novoportal\/wp-json\/wp\/v2\/posts\/94396\/revisions"}],"predecessor-version":[{"id":94399,"href":"https:\/\/www.sudoestehoje.com.br\/novoportal\/wp-json\/wp\/v2\/posts\/94396\/revisions\/94399"}],"wp:attachment":[{"href":"https:\/\/www.sudoestehoje.com.br\/novoportal\/wp-json\/wp\/v2\/media?parent=94396"}],"wp:term":[{"taxonomy":"category","embeddable":true,"href":"https:\/\/www.sudoestehoje.com.br\/novoportal\/wp-json\/wp\/v2\/categories?post=94396"},{"taxonomy":"post_tag","embeddable":true,"href":"https:\/\/www.sudoestehoje.com.br\/novoportal\/wp-json\/wp\/v2\/tags?post=94396"}],"curies":[{"name":"wp","href":"https:\/\/api.w.org\/{rel}","templated":true}]}}