
{"id":94392,"date":"2021-04-21T23:25:08","date_gmt":"2021-04-22T02:25:08","guid":{"rendered":"https:\/\/www.sudoestehoje.com.br\/novoportal\/?p=94392"},"modified":"2021-04-21T23:25:08","modified_gmt":"2021-04-22T02:25:08","slug":"motorista-de-aplicativo-e-morto-em-conquista-e-suspeitos-sao-presos-apos-acidente-em-itabuna","status":"publish","type":"post","link":"https:\/\/www.sudoestehoje.com.br\/novoportal\/2021\/04\/21\/motorista-de-aplicativo-e-morto-em-conquista-e-suspeitos-sao-presos-apos-acidente-em-itabuna\/","title":{"rendered":"MOTORISTA DE APLICATIVO \u00c9 MORTO EM CONQUISTA E SUSPEITOS S\u00c3O PRESOS AP\u00d3S ACIDENTE EM ITABUNA"},"content":{"rendered":"<p><a href=\"https:\/\/www.sudoestehoje.com.br\/novoportal\/wp-content\/uploads\/2021\/04\/MOTORISTA-APLICATOVO.jpg\"><img loading=\"lazy\" decoding=\"async\" class=\"aligncenter size-medium wp-image-94394\" src=\"https:\/\/www.sudoestehoje.com.br\/novoportal\/wp-content\/uploads\/2021\/04\/MOTORISTA-APLICATOVO-500x247.jpg\" alt=\"\" width=\"500\" height=\"247\" srcset=\"https:\/\/www.sudoestehoje.com.br\/novoportal\/wp-content\/uploads\/2021\/04\/MOTORISTA-APLICATOVO-500x247.jpg 500w, https:\/\/www.sudoestehoje.com.br\/novoportal\/wp-content\/uploads\/2021\/04\/MOTORISTA-APLICATOVO-700x346.jpg 700w, https:\/\/www.sudoestehoje.com.br\/novoportal\/wp-content\/uploads\/2021\/04\/MOTORISTA-APLICATOVO-768x379.jpg 768w, https:\/\/www.sudoestehoje.com.br\/novoportal\/wp-content\/uploads\/2021\/04\/MOTORISTA-APLICATOVO.jpg 810w\" sizes=\"auto, (max-width: 500px) 100vw, 500px\" \/><\/a><\/p>\n<p>Um motorista por aplicativo de 20 anos foi morto nesta ter\u00e7a-feira (20), na cidade de Vit\u00f3ria da Conquista, centro-sul do estado, ap\u00f3s sair para fazer uma corrida com passageiros. O corpo dele foi encontrado nas primeiras horas da manh\u00e3 desta quarta (21), no Anel Rodovi\u00e1rio Jadiel Vieira Matos, pr\u00f3ximo ao bairro Terras do Remanso.<\/p>\n<p>Horas antes do corpo de Pedro ser encontrado, um acidente envolvendo dois homens em Itabuna, a 240 km de Vit\u00f3ria da Conquista, chamou a aten\u00e7\u00e3o da pol\u00edcia. Um carro, modelo corsa Classic de cor prata, o mesmo\u00a0em que a v\u00edtima estava antes de desaparecer, capotou. A bordo dele dois homens com passagens\u00a0pela pol\u00edcia por crimes contra o patrim\u00f4nio.<\/p>\n<p>De acordo com a pol\u00edcia civil, os dois suspeitos, de 21 e 27 anos, foram levados pela Pol\u00edcia Militar at\u00e9 o Hospital de Base de Itabuna devido aos ferimentos causados pelo acidente. L\u00e1, eles confessaram o crime e foram autuados em flagrante por latroc\u00ednio.<\/p>\n","protected":false},"excerpt":{"rendered":"<p>Um motorista por aplicativo de 20 anos foi morto nesta ter\u00e7a-feira (20), na cidade de Vit\u00f3ria da Conquista, centro-sul do estado, ap\u00f3s sair para fazer uma corrida com passageiros. O corpo dele foi encontrado nas primeiras horas da manh\u00e3 desta quarta (21), no Anel Rodovi\u00e1rio Jadiel Vieira Matos, pr\u00f3ximo ao bairro Terras do Remanso. Horas [&hellip;]<\/p>\n","protected":false},"author":2,"featured_media":94394,"comment_status":"open","ping_status":"open","sticky":false,"template":"","format":"standard","meta":{"footnotes":"","_links_to":"","_links_to_target":""},"categories":[1],"tags":[],"class_list":["post-94392","post","type-post","status-publish","format-standard","has-post-thumbnail","hentry","category-geral"],"views":782,"_links":{"self":[{"href":"https:\/\/www.sudoestehoje.com.br\/novoportal\/wp-json\/wp\/v2\/posts\/94392","targetHints":{"allow":["GET"]}}],"collection":[{"href":"https:\/\/www.sudoestehoje.com.br\/novoportal\/wp-json\/wp\/v2\/posts"}],"about":[{"href":"https:\/\/www.sudoestehoje.com.br\/novoportal\/wp-json\/wp\/v2\/types\/post"}],"author":[{"embeddable":true,"href":"https:\/\/www.sudoestehoje.com.br\/novoportal\/wp-json\/wp\/v2\/users\/2"}],"replies":[{"embeddable":true,"href":"https:\/\/www.sudoestehoje.com.br\/novoportal\/wp-json\/wp\/v2\/comments?post=94392"}],"version-history":[{"count":2,"href":"https:\/\/www.sudoestehoje.com.br\/novoportal\/wp-json\/wp\/v2\/posts\/94392\/revisions"}],"predecessor-version":[{"id":94395,"href":"https:\/\/www.sudoestehoje.com.br\/novoportal\/wp-json\/wp\/v2\/posts\/94392\/revisions\/94395"}],"wp:featuredmedia":[{"embeddable":true,"href":"https:\/\/www.sudoestehoje.com.br\/novoportal\/wp-json\/wp\/v2\/media\/94394"}],"wp:attachment":[{"href":"https:\/\/www.sudoestehoje.com.br\/novoportal\/wp-json\/wp\/v2\/media?parent=94392"}],"wp:term":[{"taxonomy":"category","embeddable":true,"href":"https:\/\/www.sudoestehoje.com.br\/novoportal\/wp-json\/wp\/v2\/categories?post=94392"},{"taxonomy":"post_tag","embeddable":true,"href":"https:\/\/www.sudoestehoje.com.br\/novoportal\/wp-json\/wp\/v2\/tags?post=94392"}],"curies":[{"name":"wp","href":"https:\/\/api.w.org\/{rel}","templated":true}]}}