
{"id":94375,"date":"2021-04-20T22:57:19","date_gmt":"2021-04-21T01:57:19","guid":{"rendered":"https:\/\/www.sudoestehoje.com.br\/novoportal\/?p=94375"},"modified":"2021-04-20T23:00:41","modified_gmt":"2021-04-21T02:00:41","slug":"itapetinga-comissao-de-saude-da-camara-se-reune-com-rodrigo-e-secretario-hugo-souza-para-tratar-da-vacinacao-contra-covid-19","status":"publish","type":"post","link":"https:\/\/www.sudoestehoje.com.br\/novoportal\/2021\/04\/20\/itapetinga-comissao-de-saude-da-camara-se-reune-com-rodrigo-e-secretario-hugo-souza-para-tratar-da-vacinacao-contra-covid-19\/","title":{"rendered":"ITAPETINGA: COMISS\u00c3O DE SA\u00daDE DA C\u00c2MARA SE RE\u00daNE COM RODRIGO E SECRET\u00c1RIO HUGO SOUZA PARA TRATAR DA VACINA\u00c7\u00c3O CONTRA COVID-19"},"content":{"rendered":"<p><a href=\"https:\/\/www.sudoestehoje.com.br\/novoportal\/wp-content\/uploads\/2021\/04\/Comiss\u00e3o-de-sa\u00fade-2.jpeg\"><img loading=\"lazy\" decoding=\"async\" class=\"aligncenter size-medium wp-image-94380\" src=\"https:\/\/www.sudoestehoje.com.br\/novoportal\/wp-content\/uploads\/2021\/04\/Comiss\u00e3o-de-sa\u00fade-2-500x544.jpeg\" alt=\"\" width=\"500\" height=\"544\" srcset=\"https:\/\/www.sudoestehoje.com.br\/novoportal\/wp-content\/uploads\/2021\/04\/Comiss\u00e3o-de-sa\u00fade-2-500x544.jpeg 500w, https:\/\/www.sudoestehoje.com.br\/novoportal\/wp-content\/uploads\/2021\/04\/Comiss\u00e3o-de-sa\u00fade-2-700x761.jpeg 700w, https:\/\/www.sudoestehoje.com.br\/novoportal\/wp-content\/uploads\/2021\/04\/Comiss\u00e3o-de-sa\u00fade-2-768x835.jpeg 768w, https:\/\/www.sudoestehoje.com.br\/novoportal\/wp-content\/uploads\/2021\/04\/Comiss\u00e3o-de-sa\u00fade-2.jpeg 786w\" sizes=\"auto, (max-width: 500px) 100vw, 500px\" \/><\/a><\/p>\n<p>Nesta ter\u00e7a-feira (20), os vereadores Manu Brand\u00e3o (MDB), Jo\u00e3o de Deus (MDB) e Geg\u00ea (PSB), membros da Comiss\u00e3o de Sa\u00fade da C\u00e2mara Municipal, se reuniram com o secret\u00e1rio de sa\u00fade Hugo Souza e com o prefeito Rodrigo Hagge, para tratar de quest\u00f5es ligadas \u00e0 vacina\u00e7\u00e3o da Covid-19 no munic\u00edpio de Itapetinga.<\/p>\n<p>De acordo com a atuante vereadora Manu Brand\u00e3o, em contato com o Sudoeste Hoje, a Comiss\u00e3o de Sa\u00fade solicitou o retorno da vacina\u00e7\u00e3o nos postos de sa\u00fade localizados nos bairros da cidade, para evitar deslocamentos e espera em filas por parte da popula\u00e7\u00e3o, constitu\u00edda na sua maioria por idosos, no que foi prontamente atendida.<\/p>\n<p><a href=\"https:\/\/www.sudoestehoje.com.br\/novoportal\/wp-content\/uploads\/2021\/04\/Comiss\u00e3o-de-sa\u00fade-1.jpeg\"><img loading=\"lazy\" decoding=\"async\" class=\"aligncenter size-medium wp-image-94379\" src=\"https:\/\/www.sudoestehoje.com.br\/novoportal\/wp-content\/uploads\/2021\/04\/Comiss\u00e3o-de-sa\u00fade-1-500x350.jpeg\" alt=\"\" width=\"500\" height=\"350\" srcset=\"https:\/\/www.sudoestehoje.com.br\/novoportal\/wp-content\/uploads\/2021\/04\/Comiss\u00e3o-de-sa\u00fade-1-500x350.jpeg 500w, https:\/\/www.sudoestehoje.com.br\/novoportal\/wp-content\/uploads\/2021\/04\/Comiss\u00e3o-de-sa\u00fade-1.jpeg 576w\" sizes=\"auto, (max-width: 500px) 100vw, 500px\" \/><\/a><\/p>\n<p>Na parte da manh\u00e3, os vereadores estiveram presentes no Col\u00e9gio Jos\u00e9 Marcos Gusm\u00e3o, onde a Secretaria de Sa\u00fade havia concentrado a vacina\u00e7\u00e3o, ajudando na organiza\u00e7\u00e3o e colaborando com o processo.<\/p>\n<p>De acordo com Manu, outros vereadores tamb\u00e9m se preocuparam com a centraliza\u00e7\u00e3o da vacina em um s\u00f3 local e mantiveram contato com a secret\u00e1rio de sa\u00fade e com o prefeito Rodrigo Hagge, para sanar a quest\u00e3o.<\/p>\n<p>A partir desta quarta-feira (21), a vacina\u00e7\u00e3o prossegue normalmente nos postos de sa\u00fade do munic\u00edpio.<\/p>\n\n\t\t<style type=\"text\/css\">\n\t\t\t#gallery-1 {\n\t\t\t\tmargin: auto;\n\t\t\t}\n\t\t\t#gallery-1 .gallery-item {\n\t\t\t\tfloat: left;\n\t\t\t\tmargin-top: 10px;\n\t\t\t\ttext-align: center;\n\t\t\t\twidth: 33%;\n\t\t\t}\n\t\t\t#gallery-1 img {\n\t\t\t\tborder: 2px solid #cfcfcf;\n\t\t\t}\n\t\t\t#gallery-1 .gallery-caption {\n\t\t\t\tmargin-left: 0;\n\t\t\t}\n\t\t\t\/* see gallery_shortcode() in wp-includes\/media.php *\/\n\t\t<\/style>\n\t\t<div id='gallery-1' class='gallery galleryid-94375 gallery-columns-3 gallery-size-thumbnail'><dl class='gallery-item'>\n\t\t\t<dt class='gallery-icon landscape'>\n\t\t\t\t<a href='https:\/\/www.sudoestehoje.com.br\/novoportal\/2021\/04\/20\/itapetinga-comissao-de-saude-da-camara-se-reune-com-rodrigo-e-secretario-hugo-souza-para-tratar-da-vacinacao-contra-covid-19\/comissao-de-saude-5\/'><img loading=\"lazy\" decoding=\"async\" width=\"150\" height=\"150\" src=\"https:\/\/www.sudoestehoje.com.br\/novoportal\/wp-content\/uploads\/2021\/04\/comiss\u00e3o-de-sa\u00fade-5-150x150.jpeg\" class=\"attachment-thumbnail size-thumbnail\" alt=\"\" \/><\/a>\n\t\t\t<\/dt><\/dl><dl class='gallery-item'>\n\t\t\t<dt class='gallery-icon landscape'>\n\t\t\t\t<a href='https:\/\/www.sudoestehoje.com.br\/novoportal\/2021\/04\/20\/itapetinga-comissao-de-saude-da-camara-se-reune-com-rodrigo-e-secretario-hugo-souza-para-tratar-da-vacinacao-contra-covid-19\/comissao-de-saude-4\/'><img loading=\"lazy\" decoding=\"async\" width=\"150\" height=\"150\" src=\"https:\/\/www.sudoestehoje.com.br\/novoportal\/wp-content\/uploads\/2021\/04\/comiss\u00e3o-de-saude-4-150x150.jpeg\" class=\"attachment-thumbnail size-thumbnail\" alt=\"\" \/><\/a>\n\t\t\t<\/dt><\/dl><dl class='gallery-item'>\n\t\t\t<dt class='gallery-icon landscape'>\n\t\t\t\t<a href='https:\/\/www.sudoestehoje.com.br\/novoportal\/2021\/04\/20\/itapetinga-comissao-de-saude-da-camara-se-reune-com-rodrigo-e-secretario-hugo-souza-para-tratar-da-vacinacao-contra-covid-19\/comissao-de-saude-3\/'><img loading=\"lazy\" decoding=\"async\" width=\"150\" height=\"150\" src=\"https:\/\/www.sudoestehoje.com.br\/novoportal\/wp-content\/uploads\/2021\/04\/comiss\u00e3o-de-saude-3-150x150.jpeg\" class=\"attachment-thumbnail size-thumbnail\" alt=\"\" \/><\/a>\n\t\t\t<\/dt><\/dl><br style=\"clear: both\" \/>\n\t\t<\/div>\n\n<p><strong><em>Por Davi Ferraz<\/em><\/strong><\/p>\n","protected":false},"excerpt":{"rendered":"<p>Nesta ter\u00e7a-feira (20), os vereadores Manu Brand\u00e3o (MDB), Jo\u00e3o de Deus (MDB) e Geg\u00ea (PSB), membros da Comiss\u00e3o de Sa\u00fade da C\u00e2mara Municipal, se reuniram com o secret\u00e1rio de sa\u00fade Hugo Souza e com o prefeito Rodrigo Hagge, para tratar de quest\u00f5es ligadas \u00e0 vacina\u00e7\u00e3o da Covid-19 no munic\u00edpio de Itapetinga. De acordo com a [&hellip;]<\/p>\n","protected":false},"author":2,"featured_media":94380,"comment_status":"open","ping_status":"open","sticky":false,"template":"","format":"standard","meta":{"footnotes":"","_links_to":"","_links_to_target":""},"categories":[1],"tags":[],"class_list":["post-94375","post","type-post","status-publish","format-standard","has-post-thumbnail","hentry","category-geral"],"views":1260,"_links":{"self":[{"href":"https:\/\/www.sudoestehoje.com.br\/novoportal\/wp-json\/wp\/v2\/posts\/94375","targetHints":{"allow":["GET"]}}],"collection":[{"href":"https:\/\/www.sudoestehoje.com.br\/novoportal\/wp-json\/wp\/v2\/posts"}],"about":[{"href":"https:\/\/www.sudoestehoje.com.br\/novoportal\/wp-json\/wp\/v2\/types\/post"}],"author":[{"embeddable":true,"href":"https:\/\/www.sudoestehoje.com.br\/novoportal\/wp-json\/wp\/v2\/users\/2"}],"replies":[{"embeddable":true,"href":"https:\/\/www.sudoestehoje.com.br\/novoportal\/wp-json\/wp\/v2\/comments?post=94375"}],"version-history":[{"count":5,"href":"https:\/\/www.sudoestehoje.com.br\/novoportal\/wp-json\/wp\/v2\/posts\/94375\/revisions"}],"predecessor-version":[{"id":94385,"href":"https:\/\/www.sudoestehoje.com.br\/novoportal\/wp-json\/wp\/v2\/posts\/94375\/revisions\/94385"}],"wp:featuredmedia":[{"embeddable":true,"href":"https:\/\/www.sudoestehoje.com.br\/novoportal\/wp-json\/wp\/v2\/media\/94380"}],"wp:attachment":[{"href":"https:\/\/www.sudoestehoje.com.br\/novoportal\/wp-json\/wp\/v2\/media?parent=94375"}],"wp:term":[{"taxonomy":"category","embeddable":true,"href":"https:\/\/www.sudoestehoje.com.br\/novoportal\/wp-json\/wp\/v2\/categories?post=94375"},{"taxonomy":"post_tag","embeddable":true,"href":"https:\/\/www.sudoestehoje.com.br\/novoportal\/wp-json\/wp\/v2\/tags?post=94375"}],"curies":[{"name":"wp","href":"https:\/\/api.w.org\/{rel}","templated":true}]}}