
{"id":94332,"date":"2021-04-19T18:48:47","date_gmt":"2021-04-19T21:48:47","guid":{"rendered":"https:\/\/www.sudoestehoje.com.br\/novoportal\/?p=94332"},"modified":"2021-04-19T18:48:47","modified_gmt":"2021-04-19T21:48:47","slug":"itapetinga-vereador-tuca-da-civil-recebe-primeira-dose-da-vacina-contra-covid-19","status":"publish","type":"post","link":"https:\/\/www.sudoestehoje.com.br\/novoportal\/2021\/04\/19\/itapetinga-vereador-tuca-da-civil-recebe-primeira-dose-da-vacina-contra-covid-19\/","title":{"rendered":"ITAPETINGA: VEREADOR &#8216;TUCA DA CIVIL&#8217; RECEBE PRIMEIRA DOSE DA VACINA CONTRA COVID-19"},"content":{"rendered":"<p><a href=\"https:\/\/www.sudoestehoje.com.br\/novoportal\/wp-content\/uploads\/2021\/04\/tuca-vacina.jpeg\"><img loading=\"lazy\" decoding=\"async\" class=\"aligncenter size-medium wp-image-94333\" src=\"https:\/\/www.sudoestehoje.com.br\/novoportal\/wp-content\/uploads\/2021\/04\/tuca-vacina-500x315.jpeg\" alt=\"\" width=\"500\" height=\"315\" srcset=\"https:\/\/www.sudoestehoje.com.br\/novoportal\/wp-content\/uploads\/2021\/04\/tuca-vacina-500x315.jpeg 500w, https:\/\/www.sudoestehoje.com.br\/novoportal\/wp-content\/uploads\/2021\/04\/tuca-vacina-700x441.jpeg 700w, https:\/\/www.sudoestehoje.com.br\/novoportal\/wp-content\/uploads\/2021\/04\/tuca-vacina-768x484.jpeg 768w, https:\/\/www.sudoestehoje.com.br\/novoportal\/wp-content\/uploads\/2021\/04\/tuca-vacina.jpeg 1200w\" sizes=\"auto, (max-width: 500px) 100vw, 500px\" \/><\/a><\/p>\n<p>Teve in\u00edcio nesta segunda-feira (18), em Itapetinga, a primeira etapa da vacina\u00e7\u00e3o contra a Covid-19 que incluiu as for\u00e7as de seguran\u00e7a do Estado da Bahia, dentre eles os policiais civis e militares, como priorit\u00e1rios.<\/p>\n<p>Dentre os policiais da ativa que receberam a primeira dose da vacina, destacou-se o vereador Ant\u00f4nio Carlos Gomes, conhecido popularmente com &#8216;TUCA DA CIVIL&#8217;, eleitos nas \u00faltimas elei\u00e7\u00f5es pelo partido Republicanos.<\/p>\n<p>Em contato com o <em>Sudoeste Hoje<\/em>, Tuca manifestou a sua satisfa\u00e7\u00e3o em ser inclu\u00eddo, juntamente com os colegas de trabalho, como priorit\u00e1rio no programa de vacina\u00e7\u00e3o, e comemorou a possibilidade de ser imunizado da terr\u00edvel doen\u00e7a que assola o mundo inteiro.<\/p>\n<p><em>&#8220;Receber a vacina \u00e9 uma alegria indescrit\u00edvel, pois, no exerc\u00edcio do nosso trabalho como policial, mantemos contato com muita gente que nem conhecemos, diariamente, correndo o risco de contamina\u00e7\u00e3o. Hoje, fomos n\u00f3s os policiais, mas tor\u00e7o para que toda a popula\u00e7\u00e3o seja vacinada, para que passamos voltar \u00e0 normalidade&#8221;<\/em>, ressaltou Tuca.<\/p>\n<p>De acordo com o delegado Roberto Junior, 14 policiais civis foram vacinados nesta segunda-feira, com a primeira dose da Coronavac.<\/p>\n<p><strong><em>Por Davi Ferraz\u00a0<\/em><\/strong><\/p>\n","protected":false},"excerpt":{"rendered":"<p>Teve in\u00edcio nesta segunda-feira (18), em Itapetinga, a primeira etapa da vacina\u00e7\u00e3o contra a Covid-19 que incluiu as for\u00e7as de seguran\u00e7a do Estado da Bahia, dentre eles os policiais civis e militares, como priorit\u00e1rios. Dentre os policiais da ativa que receberam a primeira dose da vacina, destacou-se o vereador Ant\u00f4nio Carlos Gomes, conhecido popularmente com [&hellip;]<\/p>\n","protected":false},"author":2,"featured_media":94333,"comment_status":"open","ping_status":"open","sticky":false,"template":"","format":"standard","meta":{"footnotes":"","_links_to":"","_links_to_target":""},"categories":[1],"tags":[],"class_list":["post-94332","post","type-post","status-publish","format-standard","has-post-thumbnail","hentry","category-geral"],"views":1015,"_links":{"self":[{"href":"https:\/\/www.sudoestehoje.com.br\/novoportal\/wp-json\/wp\/v2\/posts\/94332","targetHints":{"allow":["GET"]}}],"collection":[{"href":"https:\/\/www.sudoestehoje.com.br\/novoportal\/wp-json\/wp\/v2\/posts"}],"about":[{"href":"https:\/\/www.sudoestehoje.com.br\/novoportal\/wp-json\/wp\/v2\/types\/post"}],"author":[{"embeddable":true,"href":"https:\/\/www.sudoestehoje.com.br\/novoportal\/wp-json\/wp\/v2\/users\/2"}],"replies":[{"embeddable":true,"href":"https:\/\/www.sudoestehoje.com.br\/novoportal\/wp-json\/wp\/v2\/comments?post=94332"}],"version-history":[{"count":2,"href":"https:\/\/www.sudoestehoje.com.br\/novoportal\/wp-json\/wp\/v2\/posts\/94332\/revisions"}],"predecessor-version":[{"id":94335,"href":"https:\/\/www.sudoestehoje.com.br\/novoportal\/wp-json\/wp\/v2\/posts\/94332\/revisions\/94335"}],"wp:featuredmedia":[{"embeddable":true,"href":"https:\/\/www.sudoestehoje.com.br\/novoportal\/wp-json\/wp\/v2\/media\/94333"}],"wp:attachment":[{"href":"https:\/\/www.sudoestehoje.com.br\/novoportal\/wp-json\/wp\/v2\/media?parent=94332"}],"wp:term":[{"taxonomy":"category","embeddable":true,"href":"https:\/\/www.sudoestehoje.com.br\/novoportal\/wp-json\/wp\/v2\/categories?post=94332"},{"taxonomy":"post_tag","embeddable":true,"href":"https:\/\/www.sudoestehoje.com.br\/novoportal\/wp-json\/wp\/v2\/tags?post=94332"}],"curies":[{"name":"wp","href":"https:\/\/api.w.org\/{rel}","templated":true}]}}