
{"id":94317,"date":"2021-04-18T22:20:36","date_gmt":"2021-04-19T01:20:36","guid":{"rendered":"https:\/\/www.sudoestehoje.com.br\/novoportal\/?p=94317"},"modified":"2021-04-18T22:22:15","modified_gmt":"2021-04-19T01:22:15","slug":"itapetinga-segue-vacinacao-de-idosos-de-60-anos-e-2a-dose-de-coronavac-e-astrazeneca","status":"publish","type":"post","link":"https:\/\/www.sudoestehoje.com.br\/novoportal\/2021\/04\/18\/itapetinga-segue-vacinacao-de-idosos-de-60-anos-e-2a-dose-de-coronavac-e-astrazeneca\/","title":{"rendered":"ITAPETINGA SEGUE VACINA\u00c7\u00c3O DE IDOSOS DE 60 ANOS+ E 2\u00aa DOSE DE CORONAVAC E ASTRAZENECA"},"content":{"rendered":"<p><a href=\"https:\/\/www.sudoestehoje.com.br\/novoportal\/wp-content\/uploads\/2021\/04\/posto-vacina.jpeg\"><img loading=\"lazy\" decoding=\"async\" class=\"aligncenter size-medium wp-image-94318\" src=\"https:\/\/www.sudoestehoje.com.br\/novoportal\/wp-content\/uploads\/2021\/04\/posto-vacina-500x375.jpeg\" alt=\"\" width=\"500\" height=\"375\" srcset=\"https:\/\/www.sudoestehoje.com.br\/novoportal\/wp-content\/uploads\/2021\/04\/posto-vacina-500x375.jpeg 500w, https:\/\/www.sudoestehoje.com.br\/novoportal\/wp-content\/uploads\/2021\/04\/posto-vacina-700x525.jpeg 700w, https:\/\/www.sudoestehoje.com.br\/novoportal\/wp-content\/uploads\/2021\/04\/posto-vacina-768x576.jpeg 768w, https:\/\/www.sudoestehoje.com.br\/novoportal\/wp-content\/uploads\/2021\/04\/posto-vacina.jpeg 1280w\" sizes=\"auto, (max-width: 500px) 100vw, 500px\" \/><\/a><\/p>\n<p>A vacina\u00e7\u00e3o contra a Covid-19 em Itapetinga segue para idosos com 60 anos ou mais nesta segunda-feira (19), que ir\u00e3o receber a primeira dose da vacina contra a Covid-19. Nesta fase, ser\u00e1 disponibilizada\u00a0 a vacina da Astrazeneca.<\/p>\n<p>Al\u00e9m disso, os postos estar\u00e3o aplicando a segunda dose para os vacinados h\u00e1 28 dias ou mais, com a Coronavac, e os que foram vacinados com a Astrazeneca h\u00e1 90 dias ou mais.<\/p>\n<p>A partir da ter\u00e7a-feira (20), a vacina\u00e7\u00e3o contra Covid-19 ocorrer\u00e1 apenas no Escola Jos\u00e9 Marcos Gusm\u00e3o, no bairro Ot\u00e1vio Cam\u00f5es.<\/p>\n<p><strong><em>Reda\u00e7\u00e3o SH\u00a0<\/em><\/strong><\/p>\n","protected":false},"excerpt":{"rendered":"<p>A vacina\u00e7\u00e3o contra a Covid-19 em Itapetinga segue para idosos com 60 anos ou mais nesta segunda-feira (19), que ir\u00e3o receber a primeira dose da vacina contra a Covid-19. Nesta fase, ser\u00e1 disponibilizada\u00a0 a vacina da Astrazeneca. Al\u00e9m disso, os postos estar\u00e3o aplicando a segunda dose para os vacinados h\u00e1 28 dias ou mais, com [&hellip;]<\/p>\n","protected":false},"author":2,"featured_media":94318,"comment_status":"open","ping_status":"open","sticky":false,"template":"","format":"standard","meta":{"footnotes":"","_links_to":"","_links_to_target":""},"categories":[1],"tags":[],"class_list":["post-94317","post","type-post","status-publish","format-standard","has-post-thumbnail","hentry","category-geral"],"views":834,"_links":{"self":[{"href":"https:\/\/www.sudoestehoje.com.br\/novoportal\/wp-json\/wp\/v2\/posts\/94317","targetHints":{"allow":["GET"]}}],"collection":[{"href":"https:\/\/www.sudoestehoje.com.br\/novoportal\/wp-json\/wp\/v2\/posts"}],"about":[{"href":"https:\/\/www.sudoestehoje.com.br\/novoportal\/wp-json\/wp\/v2\/types\/post"}],"author":[{"embeddable":true,"href":"https:\/\/www.sudoestehoje.com.br\/novoportal\/wp-json\/wp\/v2\/users\/2"}],"replies":[{"embeddable":true,"href":"https:\/\/www.sudoestehoje.com.br\/novoportal\/wp-json\/wp\/v2\/comments?post=94317"}],"version-history":[{"count":4,"href":"https:\/\/www.sudoestehoje.com.br\/novoportal\/wp-json\/wp\/v2\/posts\/94317\/revisions"}],"predecessor-version":[{"id":94322,"href":"https:\/\/www.sudoestehoje.com.br\/novoportal\/wp-json\/wp\/v2\/posts\/94317\/revisions\/94322"}],"wp:featuredmedia":[{"embeddable":true,"href":"https:\/\/www.sudoestehoje.com.br\/novoportal\/wp-json\/wp\/v2\/media\/94318"}],"wp:attachment":[{"href":"https:\/\/www.sudoestehoje.com.br\/novoportal\/wp-json\/wp\/v2\/media?parent=94317"}],"wp:term":[{"taxonomy":"category","embeddable":true,"href":"https:\/\/www.sudoestehoje.com.br\/novoportal\/wp-json\/wp\/v2\/categories?post=94317"},{"taxonomy":"post_tag","embeddable":true,"href":"https:\/\/www.sudoestehoje.com.br\/novoportal\/wp-json\/wp\/v2\/tags?post=94317"}],"curies":[{"name":"wp","href":"https:\/\/api.w.org\/{rel}","templated":true}]}}