
{"id":94311,"date":"2021-04-18T20:12:17","date_gmt":"2021-04-18T23:12:17","guid":{"rendered":"https:\/\/www.sudoestehoje.com.br\/novoportal\/?p=94311"},"modified":"2021-04-18T22:47:08","modified_gmt":"2021-04-19T01:47:08","slug":"novo-decreto-deve-permitir-funcionamento-de-bares-e-restaurantes-ate-as-21h-na-bahia","status":"publish","type":"post","link":"https:\/\/www.sudoestehoje.com.br\/novoportal\/2021\/04\/18\/novo-decreto-deve-permitir-funcionamento-de-bares-e-restaurantes-ate-as-21h-na-bahia\/","title":{"rendered":"NOVO DECRETO DEVE PERMITIR FUNCIONAMENTO DE BARES E RESTAURANTES AT\u00c9 \u00c0S 21h NA BAHIA"},"content":{"rendered":"<p><a href=\"https:\/\/www.sudoestehoje.com.br\/novoportal\/wp-content\/uploads\/2021\/04\/SANTA-CEIA.jpg\"><img loading=\"lazy\" decoding=\"async\" class=\"aligncenter size-medium wp-image-94314\" src=\"https:\/\/www.sudoestehoje.com.br\/novoportal\/wp-content\/uploads\/2021\/04\/SANTA-CEIA-500x303.jpg\" alt=\"\" width=\"500\" height=\"303\" srcset=\"https:\/\/www.sudoestehoje.com.br\/novoportal\/wp-content\/uploads\/2021\/04\/SANTA-CEIA-500x303.jpg 500w, https:\/\/www.sudoestehoje.com.br\/novoportal\/wp-content\/uploads\/2021\/04\/SANTA-CEIA-700x424.jpg 700w, https:\/\/www.sudoestehoje.com.br\/novoportal\/wp-content\/uploads\/2021\/04\/SANTA-CEIA-768x466.jpg 768w, https:\/\/www.sudoestehoje.com.br\/novoportal\/wp-content\/uploads\/2021\/04\/SANTA-CEIA.jpg 960w\" sizes=\"auto, (max-width: 500px) 100vw, 500px\" \/><\/a><\/p>\n<p style=\"font-weight: 400;\">O pr\u00f3ximo decreto estadual, a ser assinado pelo governador Rui Costa (PT)\u00a0nesta segunda-feira (18), deve permitir o funcionamento de bares e restaurantes at\u00e9 \u00e0s 21h, conforme informa\u00e7\u00f5es de interlocutores do governo estadual. Seria o terceiro relaxamento das medidas preventivas contra a Covid-19 na Bahia desde a P\u00e1scoa.<\/p>\n<p style=\"font-weight: 400;\">A atualiza\u00e7\u00e3o ampliaria a abertura desses estabelecimentos em mais uma hora, visto que o decreto vigente permite o funcionamento de bares e restaurantes at\u00e9, no m\u00e1ximo, 20h. A medida deve ser acompanhada pela prefeitura de Itapetinga.<\/p>\n<p style=\"font-weight: 400;\">A gest\u00e3o estadual j\u00e1 vislumbra tamb\u00e9m autorizar a venda de bebidas alco\u00f3licas no pr\u00f3ximo final de semana. Essa mudan\u00e7a ainda depende de uma nova avalia\u00e7\u00e3o da prefeitura, que observa o cumprimento dos protocolos de prote\u00e7\u00e3o nos estabelecimentos.<\/p>\n<p style=\"font-weight: 400;\">Neste momento, a venda de bebidas alco\u00f3licas s\u00f3 est\u00e1 autorizada durante o meio da semana.<\/p>\n","protected":false},"excerpt":{"rendered":"<p>O pr\u00f3ximo decreto estadual, a ser assinado pelo governador Rui Costa (PT)\u00a0nesta segunda-feira (18), deve permitir o funcionamento de bares e restaurantes at\u00e9 \u00e0s 21h, conforme informa\u00e7\u00f5es de interlocutores do governo estadual. Seria o terceiro relaxamento das medidas preventivas contra a Covid-19 na Bahia desde a P\u00e1scoa. A atualiza\u00e7\u00e3o ampliaria a abertura desses estabelecimentos em [&hellip;]<\/p>\n","protected":false},"author":2,"featured_media":94314,"comment_status":"open","ping_status":"open","sticky":false,"template":"","format":"standard","meta":{"footnotes":"","_links_to":"","_links_to_target":""},"categories":[1],"tags":[],"class_list":["post-94311","post","type-post","status-publish","format-standard","has-post-thumbnail","hentry","category-geral"],"views":1014,"_links":{"self":[{"href":"https:\/\/www.sudoestehoje.com.br\/novoportal\/wp-json\/wp\/v2\/posts\/94311","targetHints":{"allow":["GET"]}}],"collection":[{"href":"https:\/\/www.sudoestehoje.com.br\/novoportal\/wp-json\/wp\/v2\/posts"}],"about":[{"href":"https:\/\/www.sudoestehoje.com.br\/novoportal\/wp-json\/wp\/v2\/types\/post"}],"author":[{"embeddable":true,"href":"https:\/\/www.sudoestehoje.com.br\/novoportal\/wp-json\/wp\/v2\/users\/2"}],"replies":[{"embeddable":true,"href":"https:\/\/www.sudoestehoje.com.br\/novoportal\/wp-json\/wp\/v2\/comments?post=94311"}],"version-history":[{"count":5,"href":"https:\/\/www.sudoestehoje.com.br\/novoportal\/wp-json\/wp\/v2\/posts\/94311\/revisions"}],"predecessor-version":[{"id":94323,"href":"https:\/\/www.sudoestehoje.com.br\/novoportal\/wp-json\/wp\/v2\/posts\/94311\/revisions\/94323"}],"wp:featuredmedia":[{"embeddable":true,"href":"https:\/\/www.sudoestehoje.com.br\/novoportal\/wp-json\/wp\/v2\/media\/94314"}],"wp:attachment":[{"href":"https:\/\/www.sudoestehoje.com.br\/novoportal\/wp-json\/wp\/v2\/media?parent=94311"}],"wp:term":[{"taxonomy":"category","embeddable":true,"href":"https:\/\/www.sudoestehoje.com.br\/novoportal\/wp-json\/wp\/v2\/categories?post=94311"},{"taxonomy":"post_tag","embeddable":true,"href":"https:\/\/www.sudoestehoje.com.br\/novoportal\/wp-json\/wp\/v2\/tags?post=94311"}],"curies":[{"name":"wp","href":"https:\/\/api.w.org\/{rel}","templated":true}]}}