
{"id":94302,"date":"2021-04-18T08:56:35","date_gmt":"2021-04-18T11:56:35","guid":{"rendered":"https:\/\/www.sudoestehoje.com.br\/novoportal\/?p=94302"},"modified":"2021-04-18T17:26:29","modified_gmt":"2021-04-18T20:26:29","slug":"itapetinga-vereadora-do-pt-defende-abertura-de-cpi-para-investigar-caso-dos-respiradores","status":"publish","type":"post","link":"https:\/\/www.sudoestehoje.com.br\/novoportal\/2021\/04\/18\/itapetinga-vereadora-do-pt-defende-abertura-de-cpi-para-investigar-caso-dos-respiradores\/","title":{"rendered":"ITAPETINGA: VEREADORA DO PT DEFENDE ABERTURA DE CPI PARA INVESTIGAR CASO DOS RESPIRADORES"},"content":{"rendered":"<p><a href=\"https:\/\/www.sudoestehoje.com.br\/novoportal\/wp-content\/uploads\/2021\/04\/SIBELE-1.jpg\"><img loading=\"lazy\" decoding=\"async\" class=\"aligncenter size-medium wp-image-94304\" src=\"https:\/\/www.sudoestehoje.com.br\/novoportal\/wp-content\/uploads\/2021\/04\/SIBELE-1-500x334.jpg\" alt=\"\" width=\"500\" height=\"334\" srcset=\"https:\/\/www.sudoestehoje.com.br\/novoportal\/wp-content\/uploads\/2021\/04\/SIBELE-1-500x334.jpg 500w, https:\/\/www.sudoestehoje.com.br\/novoportal\/wp-content\/uploads\/2021\/04\/SIBELE-1.jpg 640w\" sizes=\"auto, (max-width: 500px) 100vw, 500px\" \/><\/a><\/p>\n<p>Em entrevista no programa Na Boca do Povo, apresentado por Z\u00e9 Elias na R\u00e1dio Fascina\u00e7\u00e3o, no \u00faltimo s\u00e1bado (17), a vereadora petista Sibele Nery surpreendeu ao afirmar que \u00e9 favor\u00e1vel \u00e0 abertura de uma CPI estadual para investigar o pol\u00eamico caso da compra dos respiradores, pagos e n\u00e3o entregues, envolvendo o governador Rui Costa (PT) e membros da sua equipe.<\/p>\n<p>A declara\u00e7\u00e3o da vereadora petista causou espanto, levando-se em conta a sua estreita liga\u00e7\u00e3o com membros da c\u00fapula do PT baiano, especialmente com deputado estadual Rosemberg Pinto, l\u00edder do governador na Assembleia Legislativa.<\/p>\n<p>O Caso dos respiradores \u00e9 emblem\u00e1tico e \u00e9 visto como uma esp\u00e9cie de &#8216;pedra no sapato&#8217; de Rui, que n\u00e3o quer nem ouvir falar do assunto, quanto mais da abertura de uma CPI para apurar o caso.<\/p>\n<p>A vereadora fala fluentemente sobre pol\u00edtica, mas escorrega no b\u00e1sico e demonstra desconhecimento das diretrizes do seu partido. <strong><em>Confira a entrevista, na \u00edntegra:<\/em><\/strong><\/p>\n<p><iframe loading=\"lazy\" title=\"Entrevista com a vereadora Sibele Nery(PT)\" width=\"500\" height=\"281\" src=\"https:\/\/www.youtube.com\/embed\/zVoaPCC6Agc?feature=oembed\" frameborder=\"0\" allow=\"accelerometer; autoplay; clipboard-write; encrypted-media; gyroscope; picture-in-picture; web-share\" referrerpolicy=\"strict-origin-when-cross-origin\" allowfullscreen><\/iframe><\/p>\n<p><strong><em>Por Davi Ferraz<\/em><\/strong><\/p>\n","protected":false},"excerpt":{"rendered":"<p>Em entrevista no programa Na Boca do Povo, apresentado por Z\u00e9 Elias na R\u00e1dio Fascina\u00e7\u00e3o, no \u00faltimo s\u00e1bado (17), a vereadora petista Sibele Nery surpreendeu ao afirmar que \u00e9 favor\u00e1vel \u00e0 abertura de uma CPI estadual para investigar o pol\u00eamico caso da compra dos respiradores, pagos e n\u00e3o entregues, envolvendo o governador Rui Costa (PT) [&hellip;]<\/p>\n","protected":false},"author":2,"featured_media":94304,"comment_status":"open","ping_status":"open","sticky":false,"template":"","format":"standard","meta":{"footnotes":"","_links_to":"","_links_to_target":""},"categories":[1],"tags":[],"class_list":["post-94302","post","type-post","status-publish","format-standard","has-post-thumbnail","hentry","category-geral"],"views":1322,"_links":{"self":[{"href":"https:\/\/www.sudoestehoje.com.br\/novoportal\/wp-json\/wp\/v2\/posts\/94302","targetHints":{"allow":["GET"]}}],"collection":[{"href":"https:\/\/www.sudoestehoje.com.br\/novoportal\/wp-json\/wp\/v2\/posts"}],"about":[{"href":"https:\/\/www.sudoestehoje.com.br\/novoportal\/wp-json\/wp\/v2\/types\/post"}],"author":[{"embeddable":true,"href":"https:\/\/www.sudoestehoje.com.br\/novoportal\/wp-json\/wp\/v2\/users\/2"}],"replies":[{"embeddable":true,"href":"https:\/\/www.sudoestehoje.com.br\/novoportal\/wp-json\/wp\/v2\/comments?post=94302"}],"version-history":[{"count":6,"href":"https:\/\/www.sudoestehoje.com.br\/novoportal\/wp-json\/wp\/v2\/posts\/94302\/revisions"}],"predecessor-version":[{"id":94310,"href":"https:\/\/www.sudoestehoje.com.br\/novoportal\/wp-json\/wp\/v2\/posts\/94302\/revisions\/94310"}],"wp:featuredmedia":[{"embeddable":true,"href":"https:\/\/www.sudoestehoje.com.br\/novoportal\/wp-json\/wp\/v2\/media\/94304"}],"wp:attachment":[{"href":"https:\/\/www.sudoestehoje.com.br\/novoportal\/wp-json\/wp\/v2\/media?parent=94302"}],"wp:term":[{"taxonomy":"category","embeddable":true,"href":"https:\/\/www.sudoestehoje.com.br\/novoportal\/wp-json\/wp\/v2\/categories?post=94302"},{"taxonomy":"post_tag","embeddable":true,"href":"https:\/\/www.sudoestehoje.com.br\/novoportal\/wp-json\/wp\/v2\/tags?post=94302"}],"curies":[{"name":"wp","href":"https:\/\/api.w.org\/{rel}","templated":true}]}}