
{"id":94277,"date":"2021-04-16T15:26:35","date_gmt":"2021-04-16T18:26:35","guid":{"rendered":"https:\/\/www.sudoestehoje.com.br\/novoportal\/?p=94277"},"modified":"2021-04-16T18:52:05","modified_gmt":"2021-04-16T21:52:05","slug":"aviao-que-levava-deputado-tem-pane-seca-entre-itapetinga-e-salvador-gasolina-foi-roubada-por-vigilante-do-aeroporto","status":"publish","type":"post","link":"https:\/\/www.sudoestehoje.com.br\/novoportal\/2021\/04\/16\/aviao-que-levava-deputado-tem-pane-seca-entre-itapetinga-e-salvador-gasolina-foi-roubada-por-vigilante-do-aeroporto\/","title":{"rendered":"AVI\u00c3O QUE LEVAVA DEPUTADO TEM PANE SECA ENTRE ITAPETINGA E SALVADOR; GASOLINA FOI ROUBADA POR VIGILANTE DO AEROPORTO"},"content":{"rendered":"<div class=\"mc-column content-text active-extra-styles \" data-block-type=\"unstyled\" data-block-weight=\"60\" data-block-id=\"2\">\n<p data-track-category=\"Link no Texto\" data-track-links=\"\"><a href=\"https:\/\/www.sudoestehoje.com.br\/novoportal\/wp-content\/uploads\/2021\/04\/aeroportoitapetinga.jpg\"><img loading=\"lazy\" decoding=\"async\" class=\"aligncenter size-medium wp-image-94283\" src=\"https:\/\/www.sudoestehoje.com.br\/novoportal\/wp-content\/uploads\/2021\/04\/aeroportoitapetinga-500x281.jpg\" alt=\"\" width=\"500\" height=\"281\" srcset=\"https:\/\/www.sudoestehoje.com.br\/novoportal\/wp-content\/uploads\/2021\/04\/aeroportoitapetinga-500x281.jpg 500w, https:\/\/www.sudoestehoje.com.br\/novoportal\/wp-content\/uploads\/2021\/04\/aeroportoitapetinga-700x394.jpg 700w, https:\/\/www.sudoestehoje.com.br\/novoportal\/wp-content\/uploads\/2021\/04\/aeroportoitapetinga-768x432.jpg 768w, https:\/\/www.sudoestehoje.com.br\/novoportal\/wp-content\/uploads\/2021\/04\/aeroportoitapetinga.jpg 1280w\" sizes=\"auto, (max-width: 500px) 100vw, 500px\" \/><\/a><\/p>\n<p class=\"content-text__container \" data-track-category=\"Link no Texto\" data-track-links=\"\">Uma aeronave bimotor que saiu na manh\u00e3 de ter\u00e7a-feira (13) do aeroporto de Itapetinga, conduzindo o deputado federal Paulo Magalh\u00e3es (PSD), com destino a Salvador, teve pane seca em um dos motores e pousou na capital com apenas um dos motores.<\/p>\n<p class=\"content-text__container \" data-track-category=\"Link no Texto\" data-track-links=\"\">Ap\u00f3s investiga\u00e7\u00e3o, a pol\u00edcia descobriu que o vigilante do terminal a\u00e9reo da cidade do interior teria furtado 200 litros de combust\u00edvel da aeronave. O avi\u00e3o pertence a um deputado federal.<\/p>\n<\/div>\n<div class=\"wall protected-content\">\n<div class=\"mc-column content-text active-extra-styles \" data-block-type=\"unstyled\" data-block-weight=\"29\" data-block-id=\"3\">\n<p class=\"content-text__container \" data-track-category=\"Link no Texto\" data-track-links=\"\">Segundo informa\u00e7\u00f5es da Secretaria de Seguran\u00e7a P\u00fablica (SSP-BA), o vigilante e outro homem, que tamb\u00e9m estaria envolvido no crime, foram apresentados na delegacia de Itapetinga, na quinta-feira (15).<\/p>\n<p data-track-category=\"Link no Texto\" data-track-links=\"\"><a href=\"https:\/\/www.sudoestehoje.com.br\/novoportal\/wp-content\/uploads\/2021\/04\/gasolina-avi\u00e3o.jpeg\"><img loading=\"lazy\" decoding=\"async\" class=\"aligncenter size-medium wp-image-94278\" src=\"https:\/\/www.sudoestehoje.com.br\/novoportal\/wp-content\/uploads\/2021\/04\/gasolina-avi\u00e3o-500x361.jpeg\" alt=\"\" width=\"500\" height=\"361\" srcset=\"https:\/\/www.sudoestehoje.com.br\/novoportal\/wp-content\/uploads\/2021\/04\/gasolina-avi\u00e3o-500x361.jpeg 500w, https:\/\/www.sudoestehoje.com.br\/novoportal\/wp-content\/uploads\/2021\/04\/gasolina-avi\u00e3o.jpeg 540w\" sizes=\"auto, (max-width: 500px) 100vw, 500px\" \/><\/a><\/p>\n<\/div>\n<div class=\"mc-column content-text active-extra-styles \" data-block-type=\"unstyled\" data-block-weight=\"29\" data-block-id=\"4\">\n<p class=\"content-text__container \" data-track-category=\"Link no Texto\" data-track-links=\"\">O vigilante confessou, contudo o outro suspeito negou ter participado do roubo do combust\u00edvel. Os dois foram ouvidos e liberados, porque havia passado o tempo da pris\u00e3o em flagrante.<\/p>\n<\/div>\n<div class=\"mc-column content-text active-extra-styles \" data-block-type=\"unstyled\" data-block-weight=\"28\" data-block-id=\"5\">\n<div class=\"mc-column content-text active-extra-styles \" data-block-type=\"unstyled\" data-block-weight=\"17\" data-block-id=\"13\">\n<p class=\"content-text__container \" data-track-category=\"Link no Texto\" data-track-links=\"\">A SSP destacou ainda que outros pilotos fizeram contato com a 21\u00aa Coorpin e afirmaram que o furto de combust\u00edvel pode ter ocorrido com diversas aeronaves que pernoitaram no aeroporto de Itapetinga. Um inqu\u00e9rito policial foi instaurado para apurar os fatos.<\/p>\n<\/div>\n<div class=\"mc-column content-text active-extra-styles \" data-block-type=\"unstyled\" data-block-weight=\"8\" data-block-id=\"15\">\n<p class=\"content-text__container \" data-track-category=\"Link no Texto\" data-track-links=\"\"><em>A administra\u00e7\u00e3o do aeroporto de Itapetinga \u00e9 de responsabilidade da <strong>Secretaria de Infraestrutura do Estado da Bahia &#8211; Seinfra.<\/strong><\/em><\/p>\n<\/div>\n<\/div>\n<\/div>\n","protected":false},"excerpt":{"rendered":"<p>Uma aeronave bimotor que saiu na manh\u00e3 de ter\u00e7a-feira (13) do aeroporto de Itapetinga, conduzindo o deputado federal Paulo Magalh\u00e3es (PSD), com destino a Salvador, teve pane seca em um dos motores e pousou na capital com apenas um dos motores. Ap\u00f3s investiga\u00e7\u00e3o, a pol\u00edcia descobriu que o vigilante do terminal a\u00e9reo da cidade do [&hellip;]<\/p>\n","protected":false},"author":2,"featured_media":94283,"comment_status":"open","ping_status":"open","sticky":false,"template":"","format":"standard","meta":{"footnotes":"","_links_to":"","_links_to_target":""},"categories":[1],"tags":[],"class_list":["post-94277","post","type-post","status-publish","format-standard","has-post-thumbnail","hentry","category-geral"],"views":1299,"_links":{"self":[{"href":"https:\/\/www.sudoestehoje.com.br\/novoportal\/wp-json\/wp\/v2\/posts\/94277","targetHints":{"allow":["GET"]}}],"collection":[{"href":"https:\/\/www.sudoestehoje.com.br\/novoportal\/wp-json\/wp\/v2\/posts"}],"about":[{"href":"https:\/\/www.sudoestehoje.com.br\/novoportal\/wp-json\/wp\/v2\/types\/post"}],"author":[{"embeddable":true,"href":"https:\/\/www.sudoestehoje.com.br\/novoportal\/wp-json\/wp\/v2\/users\/2"}],"replies":[{"embeddable":true,"href":"https:\/\/www.sudoestehoje.com.br\/novoportal\/wp-json\/wp\/v2\/comments?post=94277"}],"version-history":[{"count":6,"href":"https:\/\/www.sudoestehoje.com.br\/novoportal\/wp-json\/wp\/v2\/posts\/94277\/revisions"}],"predecessor-version":[{"id":94285,"href":"https:\/\/www.sudoestehoje.com.br\/novoportal\/wp-json\/wp\/v2\/posts\/94277\/revisions\/94285"}],"wp:featuredmedia":[{"embeddable":true,"href":"https:\/\/www.sudoestehoje.com.br\/novoportal\/wp-json\/wp\/v2\/media\/94283"}],"wp:attachment":[{"href":"https:\/\/www.sudoestehoje.com.br\/novoportal\/wp-json\/wp\/v2\/media?parent=94277"}],"wp:term":[{"taxonomy":"category","embeddable":true,"href":"https:\/\/www.sudoestehoje.com.br\/novoportal\/wp-json\/wp\/v2\/categories?post=94277"},{"taxonomy":"post_tag","embeddable":true,"href":"https:\/\/www.sudoestehoje.com.br\/novoportal\/wp-json\/wp\/v2\/tags?post=94277"}],"curies":[{"name":"wp","href":"https:\/\/api.w.org\/{rel}","templated":true}]}}