
{"id":94274,"date":"2021-04-15T22:17:19","date_gmt":"2021-04-16T01:17:19","guid":{"rendered":"https:\/\/www.sudoestehoje.com.br\/novoportal\/?p=94274"},"modified":"2021-04-15T22:17:19","modified_gmt":"2021-04-16T01:17:19","slug":"governo-propoe-salario-minimo-de-r-1-147-em-2022-sem-aumento-real","status":"publish","type":"post","link":"https:\/\/www.sudoestehoje.com.br\/novoportal\/2021\/04\/15\/governo-propoe-salario-minimo-de-r-1-147-em-2022-sem-aumento-real\/","title":{"rendered":"GOVERNO PROP\u00d5E SAL\u00c1RIO M\u00cdNIMO DE R$ 1.147 EM 2022, SEM AUMENTO REAL"},"content":{"rendered":"<p><a href=\"https:\/\/www.sudoestehoje.com.br\/novoportal\/wp-content\/uploads\/2021\/04\/grana.jpg\"><img loading=\"lazy\" decoding=\"async\" class=\"aligncenter size-medium wp-image-94275\" src=\"https:\/\/www.sudoestehoje.com.br\/novoportal\/wp-content\/uploads\/2021\/04\/grana-500x313.jpg\" alt=\"\" width=\"500\" height=\"313\" srcset=\"https:\/\/www.sudoestehoje.com.br\/novoportal\/wp-content\/uploads\/2021\/04\/grana-500x313.jpg 500w, https:\/\/www.sudoestehoje.com.br\/novoportal\/wp-content\/uploads\/2021\/04\/grana-700x438.jpg 700w, https:\/\/www.sudoestehoje.com.br\/novoportal\/wp-content\/uploads\/2021\/04\/grana-768x480.jpg 768w, https:\/\/www.sudoestehoje.com.br\/novoportal\/wp-content\/uploads\/2021\/04\/grana.jpg 800w\" sizes=\"auto, (max-width: 500px) 100vw, 500px\" \/><\/a><\/p>\n<p>O sal\u00e1rio m\u00ednimo em 2022 ser\u00e1 de R$ 1.147 e n\u00e3o ter\u00e1 aumento acima da infla\u00e7\u00e3o, anunciou o Minist\u00e9rio da Economia. O reajuste consta do projeto da Lei de Diretrizes Or\u00e7ament\u00e1rias (PLDO) de 2022, enviado hoje (15) ao Congresso Nacional.<\/p>\n<p>O reajuste segue a proje\u00e7\u00e3o de 4,3% para o \u00cdndice Nacional de Pre\u00e7os ao Consumidor (INPC) para este ano. A estimativa tamb\u00e9m consta do PLDO.<\/p>\n<p>At\u00e9 2019, o sal\u00e1rio m\u00ednimo era reajustado segundo uma f\u00f3rmula que previa o crescimento do Produto Interno Bruto (PIB, soma das riquezas produzidas no pa\u00eds) de dois anos antes mais a infla\u00e7\u00e3o oficial do ano anterior. Desde o ano passado, o reajuste passou a seguir apenas a reposi\u00e7\u00e3o do INPC, por causa da Constitui\u00e7\u00e3o, que determina a manuten\u00e7\u00e3o do poder de compra do sal\u00e1rio m\u00ednimo.<\/p>\n<p>Segundo o Minist\u00e9rio da Economia, cada aumento de R$ 1 no sal\u00e1rio m\u00ednimo tem impacto de aproximadamente R$ 315 milh\u00f5es no or\u00e7amento. Isso porque os benef\u00edcios da Previd\u00eancia Social, o abono salarial, o seguro-desemprego, o Benef\u00edcio de Presta\u00e7\u00e3o Continuada (BPC) e diversos gastos s\u00e3o atrelados \u00e0 varia\u00e7\u00e3o do m\u00ednimo.<\/p>\n<p>O valor do sal\u00e1rio m\u00ednimo para o pr\u00f3ximo ano ainda pode ser alterado, dependendo do valor efetivo do INPC neste ano. Pela legisla\u00e7\u00e3o, o presidente da Rep\u00fablica \u00e9 obrigado a publicar uma medida provis\u00f3ria at\u00e9 o \u00faltimo dia do ano com o valor do piso para o ano seguinte.<\/p>\n<p>Em 2021, o sal\u00e1rio m\u00ednimo est\u00e1 em R$ 1.100. Como o INPC do ano passado encerrou 2020 em 5,45%, puxado pela infla\u00e7\u00e3o dos alimentos, o valor do m\u00ednimo deveria ser R$ 1.102, mas o governo at\u00e9 hoje n\u00e3o incorporou a diferen\u00e7a de R$ 2 ao sal\u00e1rio m\u00ednimo. Caso n\u00e3o fa\u00e7a isso antes do fim do ano, o res\u00edduo ser\u00e1 incorporado ao sal\u00e1rio m\u00ednimo em 2022. As informa\u00e7\u00f5es s\u00e3o da\u00a0<em>Ag\u00eancia Brasil<\/em>.<\/p>\n","protected":false},"excerpt":{"rendered":"<p>O sal\u00e1rio m\u00ednimo em 2022 ser\u00e1 de R$ 1.147 e n\u00e3o ter\u00e1 aumento acima da infla\u00e7\u00e3o, anunciou o Minist\u00e9rio da Economia. O reajuste consta do projeto da Lei de Diretrizes Or\u00e7ament\u00e1rias (PLDO) de 2022, enviado hoje (15) ao Congresso Nacional. O reajuste segue a proje\u00e7\u00e3o de 4,3% para o \u00cdndice Nacional de Pre\u00e7os ao Consumidor [&hellip;]<\/p>\n","protected":false},"author":2,"featured_media":94275,"comment_status":"open","ping_status":"open","sticky":false,"template":"","format":"standard","meta":{"footnotes":"","_links_to":"","_links_to_target":""},"categories":[1],"tags":[],"class_list":["post-94274","post","type-post","status-publish","format-standard","has-post-thumbnail","hentry","category-geral"],"views":784,"_links":{"self":[{"href":"https:\/\/www.sudoestehoje.com.br\/novoportal\/wp-json\/wp\/v2\/posts\/94274","targetHints":{"allow":["GET"]}}],"collection":[{"href":"https:\/\/www.sudoestehoje.com.br\/novoportal\/wp-json\/wp\/v2\/posts"}],"about":[{"href":"https:\/\/www.sudoestehoje.com.br\/novoportal\/wp-json\/wp\/v2\/types\/post"}],"author":[{"embeddable":true,"href":"https:\/\/www.sudoestehoje.com.br\/novoportal\/wp-json\/wp\/v2\/users\/2"}],"replies":[{"embeddable":true,"href":"https:\/\/www.sudoestehoje.com.br\/novoportal\/wp-json\/wp\/v2\/comments?post=94274"}],"version-history":[{"count":1,"href":"https:\/\/www.sudoestehoje.com.br\/novoportal\/wp-json\/wp\/v2\/posts\/94274\/revisions"}],"predecessor-version":[{"id":94276,"href":"https:\/\/www.sudoestehoje.com.br\/novoportal\/wp-json\/wp\/v2\/posts\/94274\/revisions\/94276"}],"wp:featuredmedia":[{"embeddable":true,"href":"https:\/\/www.sudoestehoje.com.br\/novoportal\/wp-json\/wp\/v2\/media\/94275"}],"wp:attachment":[{"href":"https:\/\/www.sudoestehoje.com.br\/novoportal\/wp-json\/wp\/v2\/media?parent=94274"}],"wp:term":[{"taxonomy":"category","embeddable":true,"href":"https:\/\/www.sudoestehoje.com.br\/novoportal\/wp-json\/wp\/v2\/categories?post=94274"},{"taxonomy":"post_tag","embeddable":true,"href":"https:\/\/www.sudoestehoje.com.br\/novoportal\/wp-json\/wp\/v2\/tags?post=94274"}],"curies":[{"name":"wp","href":"https:\/\/api.w.org\/{rel}","templated":true}]}}