
{"id":94269,"date":"2021-04-15T19:50:12","date_gmt":"2021-04-15T22:50:12","guid":{"rendered":"https:\/\/www.sudoestehoje.com.br\/novoportal\/?p=94269"},"modified":"2021-04-15T19:50:12","modified_gmt":"2021-04-15T22:50:12","slug":"bahia-chega-a-triste-marca-de-17-mil-mortes-por-covid-19-em-1-ano-de-pandemia","status":"publish","type":"post","link":"https:\/\/www.sudoestehoje.com.br\/novoportal\/2021\/04\/15\/bahia-chega-a-triste-marca-de-17-mil-mortes-por-covid-19-em-1-ano-de-pandemia\/","title":{"rendered":"BAHIA CHEGA \u00c0 TRISTE MARCA DE 17 MIL MORTES POR COVID-19 EM 1 ANO DE PANDEMIA"},"content":{"rendered":"<p><a href=\"https:\/\/www.sudoestehoje.com.br\/novoportal\/wp-content\/uploads\/2021\/04\/CRUZES-FAROL-DA-BARRA.jpg\"><img loading=\"lazy\" decoding=\"async\" class=\"aligncenter size-medium wp-image-94271\" src=\"https:\/\/www.sudoestehoje.com.br\/novoportal\/wp-content\/uploads\/2021\/04\/CRUZES-FAROL-DA-BARRA-500x313.jpg\" alt=\"\" width=\"500\" height=\"313\" srcset=\"https:\/\/www.sudoestehoje.com.br\/novoportal\/wp-content\/uploads\/2021\/04\/CRUZES-FAROL-DA-BARRA-500x313.jpg 500w, https:\/\/www.sudoestehoje.com.br\/novoportal\/wp-content\/uploads\/2021\/04\/CRUZES-FAROL-DA-BARRA-700x438.jpg 700w, https:\/\/www.sudoestehoje.com.br\/novoportal\/wp-content\/uploads\/2021\/04\/CRUZES-FAROL-DA-BARRA-768x481.jpg 768w, https:\/\/www.sudoestehoje.com.br\/novoportal\/wp-content\/uploads\/2021\/04\/CRUZES-FAROL-DA-BARRA.jpg 984w\" sizes=\"auto, (max-width: 500px) 100vw, 500px\" \/><\/a><\/p>\n<p>A Bahia j\u00e1 registrou<strong> 17 mil mortes<\/strong> por Covid-19 desde o in\u00edcio da pandemia, de acordo com boletim da Secretaria Estadual de Sa\u00fade (Sesab) divulgado nesta quinta-feira (15). Segundo o boletim, foram contabilizados mais 141 \u00f3bitos da doen\u00e7a.<\/p>\n<div class=\"mc-column content-text active-extra-styles \" data-block-type=\"unstyled\" data-block-weight=\"47\" data-block-id=\"5\">\n<p class=\"content-text__container \" data-track-category=\"Link no Texto\" data-track-links=\"\">Segundo a Sesab, foram registrados 3.831 novos casos de Covid-19 nas \u00faltimas 24h. Com os novos dados, a Bahia registrou 852.458 casos desde o in\u00edcio da pandemia. Em todo o estado, 16.139 casos est\u00e3o ativos. Al\u00e9m disso, 46.404 profissionais da sa\u00fade foram confirmados para o v\u00edrus.<\/p>\n<\/div>\n<div class=\"mc-column content-text active-extra-styles \" data-block-type=\"unstyled\" data-block-weight=\"34\" data-block-id=\"6\">\n<p class=\"content-text__container \" data-track-category=\"Link no Texto\" data-track-links=\"\">O boletim informa tamb\u00e9m a situa\u00e7\u00e3o da vacina\u00e7\u00e3o contra a Covid-19 no estado. A Bahia 2 milh\u00f5es de pessoas vacinadas (2.005.623), dos quais 543.460 receberam tamb\u00e9m a segunda dose, at\u00e9 as 15h desta quinta-feira.<\/p>\n<\/div>\n","protected":false},"excerpt":{"rendered":"<p>A Bahia j\u00e1 registrou 17 mil mortes por Covid-19 desde o in\u00edcio da pandemia, de acordo com boletim da Secretaria Estadual de Sa\u00fade (Sesab) divulgado nesta quinta-feira (15). Segundo o boletim, foram contabilizados mais 141 \u00f3bitos da doen\u00e7a. Segundo a Sesab, foram registrados 3.831 novos casos de Covid-19 nas \u00faltimas 24h. Com os novos dados, [&hellip;]<\/p>\n","protected":false},"author":2,"featured_media":94271,"comment_status":"open","ping_status":"open","sticky":false,"template":"","format":"standard","meta":{"footnotes":"","_links_to":"","_links_to_target":""},"categories":[1],"tags":[],"class_list":["post-94269","post","type-post","status-publish","format-standard","has-post-thumbnail","hentry","category-geral"],"views":803,"_links":{"self":[{"href":"https:\/\/www.sudoestehoje.com.br\/novoportal\/wp-json\/wp\/v2\/posts\/94269","targetHints":{"allow":["GET"]}}],"collection":[{"href":"https:\/\/www.sudoestehoje.com.br\/novoportal\/wp-json\/wp\/v2\/posts"}],"about":[{"href":"https:\/\/www.sudoestehoje.com.br\/novoportal\/wp-json\/wp\/v2\/types\/post"}],"author":[{"embeddable":true,"href":"https:\/\/www.sudoestehoje.com.br\/novoportal\/wp-json\/wp\/v2\/users\/2"}],"replies":[{"embeddable":true,"href":"https:\/\/www.sudoestehoje.com.br\/novoportal\/wp-json\/wp\/v2\/comments?post=94269"}],"version-history":[{"count":3,"href":"https:\/\/www.sudoestehoje.com.br\/novoportal\/wp-json\/wp\/v2\/posts\/94269\/revisions"}],"predecessor-version":[{"id":94273,"href":"https:\/\/www.sudoestehoje.com.br\/novoportal\/wp-json\/wp\/v2\/posts\/94269\/revisions\/94273"}],"wp:featuredmedia":[{"embeddable":true,"href":"https:\/\/www.sudoestehoje.com.br\/novoportal\/wp-json\/wp\/v2\/media\/94271"}],"wp:attachment":[{"href":"https:\/\/www.sudoestehoje.com.br\/novoportal\/wp-json\/wp\/v2\/media?parent=94269"}],"wp:term":[{"taxonomy":"category","embeddable":true,"href":"https:\/\/www.sudoestehoje.com.br\/novoportal\/wp-json\/wp\/v2\/categories?post=94269"},{"taxonomy":"post_tag","embeddable":true,"href":"https:\/\/www.sudoestehoje.com.br\/novoportal\/wp-json\/wp\/v2\/tags?post=94269"}],"curies":[{"name":"wp","href":"https:\/\/api.w.org\/{rel}","templated":true}]}}