
{"id":94253,"date":"2021-04-15T09:35:54","date_gmt":"2021-04-15T12:35:54","guid":{"rendered":"https:\/\/www.sudoestehoje.com.br\/novoportal\/?p=94253"},"modified":"2021-04-15T09:35:54","modified_gmt":"2021-04-15T12:35:54","slug":"itapetinga-ausencia-do-auxilio-emergencial-reflete-nas-vendas-do-comercio-na-regiao","status":"publish","type":"post","link":"https:\/\/www.sudoestehoje.com.br\/novoportal\/2021\/04\/15\/itapetinga-ausencia-do-auxilio-emergencial-reflete-nas-vendas-do-comercio-na-regiao\/","title":{"rendered":"ITAPETINGA: AUS\u00caNCIA DO AUX\u00cdLIO EMERGENCIAL REFLETE NAS VENDAS DO COM\u00c9RCIO NA REGI\u00c3O"},"content":{"rendered":"<p><a href=\"https:\/\/www.sudoestehoje.com.br\/novoportal\/wp-content\/uploads\/2021\/04\/comercio-parado.jpeg\"><img loading=\"lazy\" decoding=\"async\" class=\"aligncenter size-medium wp-image-94256\" src=\"https:\/\/www.sudoestehoje.com.br\/novoportal\/wp-content\/uploads\/2021\/04\/comercio-parado-500x285.jpeg\" alt=\"\" width=\"500\" height=\"285\" srcset=\"https:\/\/www.sudoestehoje.com.br\/novoportal\/wp-content\/uploads\/2021\/04\/comercio-parado-500x285.jpeg 500w, https:\/\/www.sudoestehoje.com.br\/novoportal\/wp-content\/uploads\/2021\/04\/comercio-parado-700x399.jpeg 700w, https:\/\/www.sudoestehoje.com.br\/novoportal\/wp-content\/uploads\/2021\/04\/comercio-parado-768x438.jpeg 768w, https:\/\/www.sudoestehoje.com.br\/novoportal\/wp-content\/uploads\/2021\/04\/comercio-parado.jpeg 1280w\" sizes=\"auto, (max-width: 500px) 100vw, 500px\" \/><\/a><\/p>\n<p>Durante v\u00e1rios meses do ano passado, o com\u00e9rcio de Itapetinga e regi\u00e3o, assim como em todo o pa\u00eds, foi embalado pelo pagamento do Auxilio Emergencial de R$ 600 reais, pelo Governo Federal \u00e0s fam\u00edlias carentes, o que injetou bilh\u00f5es de reais na economia do pais, evitando uma cat\u00e1strofe ainda maior, em fun\u00e7\u00e3o da pandemia.<\/p>\n<p>Nesse per\u00edodo, algumas atividades econ\u00f4micas puderam respirar um pouco, apesar das restri\u00e7\u00f5es impostas pelas sucessivas medidas impostas pelo governo estadual, como o fechamento do com\u00e9rcio nos finais de semana, toques de recolher, fechamento de bares, restaurantes etc.<\/p>\n<p>Com o fim do pagamento do Aux\u00edlio Emergencial a partir de dezembro, o comercio se abateu e vem sentindo uma\u00a0 forte queda nas vendas, o que foi fatal para algumas empresas, que j\u00e1 come\u00e7am a fechar as portas. Falta dinheiro em circula\u00e7\u00e3o.<\/p>\n<p>Neste momento, h\u00e1 uma expectativa do retorno do aux\u00edlio, mas sem muito otimismo, j\u00e1 que os valores ser\u00e3o bem menores que os R$ 600 do ano passado, sem falar da dr\u00e1stica diminui\u00e7\u00e3o no n\u00famero de benefici\u00e1rios.<\/p>\n<p>De qualquer forma, o novo aux\u00edlio deve aliviar um pouco a agonia do nosso com\u00e9rcio, por um breve per\u00edodo, j\u00e1 que ser\u00e1 concedido por tempo limitado.<\/p>\n<p>Em tempos de escassez,<em> &#8220;\u00e9 melhor lamber do que cuspir&#8221;<\/em>, como diz o velho ditado.<\/p>\n<p><strong><em>Por Davi Ferraz\u00a0<\/em><\/strong><\/p>\n","protected":false},"excerpt":{"rendered":"<p>Durante v\u00e1rios meses do ano passado, o com\u00e9rcio de Itapetinga e regi\u00e3o, assim como em todo o pa\u00eds, foi embalado pelo pagamento do Auxilio Emergencial de R$ 600 reais, pelo Governo Federal \u00e0s fam\u00edlias carentes, o que injetou bilh\u00f5es de reais na economia do pais, evitando uma cat\u00e1strofe ainda maior, em fun\u00e7\u00e3o da pandemia. Nesse [&hellip;]<\/p>\n","protected":false},"author":2,"featured_media":94256,"comment_status":"open","ping_status":"open","sticky":false,"template":"","format":"standard","meta":{"footnotes":"","_links_to":"","_links_to_target":""},"categories":[1],"tags":[],"class_list":["post-94253","post","type-post","status-publish","format-standard","has-post-thumbnail","hentry","category-geral"],"views":918,"_links":{"self":[{"href":"https:\/\/www.sudoestehoje.com.br\/novoportal\/wp-json\/wp\/v2\/posts\/94253","targetHints":{"allow":["GET"]}}],"collection":[{"href":"https:\/\/www.sudoestehoje.com.br\/novoportal\/wp-json\/wp\/v2\/posts"}],"about":[{"href":"https:\/\/www.sudoestehoje.com.br\/novoportal\/wp-json\/wp\/v2\/types\/post"}],"author":[{"embeddable":true,"href":"https:\/\/www.sudoestehoje.com.br\/novoportal\/wp-json\/wp\/v2\/users\/2"}],"replies":[{"embeddable":true,"href":"https:\/\/www.sudoestehoje.com.br\/novoportal\/wp-json\/wp\/v2\/comments?post=94253"}],"version-history":[{"count":3,"href":"https:\/\/www.sudoestehoje.com.br\/novoportal\/wp-json\/wp\/v2\/posts\/94253\/revisions"}],"predecessor-version":[{"id":94257,"href":"https:\/\/www.sudoestehoje.com.br\/novoportal\/wp-json\/wp\/v2\/posts\/94253\/revisions\/94257"}],"wp:featuredmedia":[{"embeddable":true,"href":"https:\/\/www.sudoestehoje.com.br\/novoportal\/wp-json\/wp\/v2\/media\/94256"}],"wp:attachment":[{"href":"https:\/\/www.sudoestehoje.com.br\/novoportal\/wp-json\/wp\/v2\/media?parent=94253"}],"wp:term":[{"taxonomy":"category","embeddable":true,"href":"https:\/\/www.sudoestehoje.com.br\/novoportal\/wp-json\/wp\/v2\/categories?post=94253"},{"taxonomy":"post_tag","embeddable":true,"href":"https:\/\/www.sudoestehoje.com.br\/novoportal\/wp-json\/wp\/v2\/tags?post=94253"}],"curies":[{"name":"wp","href":"https:\/\/api.w.org\/{rel}","templated":true}]}}