
{"id":94243,"date":"2021-04-14T21:26:13","date_gmt":"2021-04-15T00:26:13","guid":{"rendered":"https:\/\/www.sudoestehoje.com.br\/novoportal\/?p=94243"},"modified":"2021-04-14T21:34:20","modified_gmt":"2021-04-15T00:34:20","slug":"leo-matos-comemora-aniversario-ao-lado-dos-servidores-da-camara","status":"publish","type":"post","link":"https:\/\/www.sudoestehoje.com.br\/novoportal\/2021\/04\/14\/leo-matos-comemora-aniversario-ao-lado-dos-servidores-da-camara\/","title":{"rendered":"L\u00c9O MATOS COMEMORA ANIVERS\u00c1RIO AO LADO DOS SERVIDORES DA C\u00c2MARA"},"content":{"rendered":"<p><a href=\"https:\/\/www.sudoestehoje.com.br\/novoportal\/wp-content\/uploads\/2021\/04\/aniversario-de-leo.jpeg\"><img loading=\"lazy\" decoding=\"async\" class=\"aligncenter size-medium wp-image-94249\" src=\"https:\/\/www.sudoestehoje.com.br\/novoportal\/wp-content\/uploads\/2021\/04\/aniversario-de-leo-500x275.jpeg\" alt=\"\" width=\"500\" height=\"275\" srcset=\"https:\/\/www.sudoestehoje.com.br\/novoportal\/wp-content\/uploads\/2021\/04\/aniversario-de-leo-500x275.jpeg 500w, https:\/\/www.sudoestehoje.com.br\/novoportal\/wp-content\/uploads\/2021\/04\/aniversario-de-leo-700x385.jpeg 700w, https:\/\/www.sudoestehoje.com.br\/novoportal\/wp-content\/uploads\/2021\/04\/aniversario-de-leo-768x422.jpeg 768w, https:\/\/www.sudoestehoje.com.br\/novoportal\/wp-content\/uploads\/2021\/04\/aniversario-de-leo.jpeg 1280w\" sizes=\"auto, (max-width: 500px) 100vw, 500px\" \/><\/a><\/p>\n<p>O presidente da C\u00e2mara de Vereadores de Itapetinga, Leonardo Matos, comemorou nesta quarta-feira (14) mais um anivers\u00e1rio, desta vez ao lado dos servidores do Legislativo Municipal, que organizaram uma homenagem surpresa.<\/p>\n<p>L\u00e9o vem realizando uma gest\u00e3o equilibrada e pacificadora na C\u00e2mara Municipal, e tem angariado a simpatia e admira\u00e7\u00e3o dos servidores, edis e de toda a assessoria da Casa, pela forma respeitosa com que trata a todos.<\/p>\n<p>Tamb\u00e9m aniversariante, o vereador Tarug\u00e3o participou do evento e recebeu os cumprimentos dos membros do poder legislativo, ao lado do presidente.<\/p>\n<p><em><strong>Por Davi Ferraz<\/strong><\/em><\/p>\n","protected":false},"excerpt":{"rendered":"<p>O presidente da C\u00e2mara de Vereadores de Itapetinga, Leonardo Matos, comemorou nesta quarta-feira (14) mais um anivers\u00e1rio, desta vez ao lado dos servidores do Legislativo Municipal, que organizaram uma homenagem surpresa. L\u00e9o vem realizando uma gest\u00e3o equilibrada e pacificadora na C\u00e2mara Municipal, e tem angariado a simpatia e admira\u00e7\u00e3o dos servidores, edis e de toda [&hellip;]<\/p>\n","protected":false},"author":2,"featured_media":94249,"comment_status":"open","ping_status":"open","sticky":false,"template":"","format":"standard","meta":{"footnotes":"","_links_to":"","_links_to_target":""},"categories":[1],"tags":[],"class_list":["post-94243","post","type-post","status-publish","format-standard","has-post-thumbnail","hentry","category-geral"],"views":840,"_links":{"self":[{"href":"https:\/\/www.sudoestehoje.com.br\/novoportal\/wp-json\/wp\/v2\/posts\/94243","targetHints":{"allow":["GET"]}}],"collection":[{"href":"https:\/\/www.sudoestehoje.com.br\/novoportal\/wp-json\/wp\/v2\/posts"}],"about":[{"href":"https:\/\/www.sudoestehoje.com.br\/novoportal\/wp-json\/wp\/v2\/types\/post"}],"author":[{"embeddable":true,"href":"https:\/\/www.sudoestehoje.com.br\/novoportal\/wp-json\/wp\/v2\/users\/2"}],"replies":[{"embeddable":true,"href":"https:\/\/www.sudoestehoje.com.br\/novoportal\/wp-json\/wp\/v2\/comments?post=94243"}],"version-history":[{"count":8,"href":"https:\/\/www.sudoestehoje.com.br\/novoportal\/wp-json\/wp\/v2\/posts\/94243\/revisions"}],"predecessor-version":[{"id":94252,"href":"https:\/\/www.sudoestehoje.com.br\/novoportal\/wp-json\/wp\/v2\/posts\/94243\/revisions\/94252"}],"wp:featuredmedia":[{"embeddable":true,"href":"https:\/\/www.sudoestehoje.com.br\/novoportal\/wp-json\/wp\/v2\/media\/94249"}],"wp:attachment":[{"href":"https:\/\/www.sudoestehoje.com.br\/novoportal\/wp-json\/wp\/v2\/media?parent=94243"}],"wp:term":[{"taxonomy":"category","embeddable":true,"href":"https:\/\/www.sudoestehoje.com.br\/novoportal\/wp-json\/wp\/v2\/categories?post=94243"},{"taxonomy":"post_tag","embeddable":true,"href":"https:\/\/www.sudoestehoje.com.br\/novoportal\/wp-json\/wp\/v2\/tags?post=94243"}],"curies":[{"name":"wp","href":"https:\/\/api.w.org\/{rel}","templated":true}]}}