
{"id":94236,"date":"2021-04-14T17:56:39","date_gmt":"2021-04-14T20:56:39","guid":{"rendered":"https:\/\/www.sudoestehoje.com.br\/novoportal\/?p=94236"},"modified":"2021-04-14T18:16:10","modified_gmt":"2021-04-14T21:16:10","slug":"prefeitura-de-itapetinga-cancela-mais-uma-vez-os-festejos-juninos","status":"publish","type":"post","link":"https:\/\/www.sudoestehoje.com.br\/novoportal\/2021\/04\/14\/prefeitura-de-itapetinga-cancela-mais-uma-vez-os-festejos-juninos\/","title":{"rendered":"PREFEITURA DE ITAPETINGA CANCELA MAIS UMA VEZ A TRADICIONAL FESTA DE S\u00c3O JO\u00c3O"},"content":{"rendered":"<p><a href=\"https:\/\/www.sudoestehoje.com.br\/novoportal\/wp-content\/uploads\/2021\/04\/SAO-JO\u00c3O.jpg\"><img loading=\"lazy\" decoding=\"async\" class=\"aligncenter size-medium wp-image-94241\" src=\"https:\/\/www.sudoestehoje.com.br\/novoportal\/wp-content\/uploads\/2021\/04\/SAO-JO\u00c3O-500x297.jpg\" alt=\"\" width=\"500\" height=\"297\" srcset=\"https:\/\/www.sudoestehoje.com.br\/novoportal\/wp-content\/uploads\/2021\/04\/SAO-JO\u00c3O-500x297.jpg 500w, https:\/\/www.sudoestehoje.com.br\/novoportal\/wp-content\/uploads\/2021\/04\/SAO-JO\u00c3O-700x415.jpg 700w, https:\/\/www.sudoestehoje.com.br\/novoportal\/wp-content\/uploads\/2021\/04\/SAO-JO\u00c3O-768x456.jpg 768w, https:\/\/www.sudoestehoje.com.br\/novoportal\/wp-content\/uploads\/2021\/04\/SAO-JO\u00c3O.jpg 1038w\" sizes=\"auto, (max-width: 500px) 100vw, 500px\" \/><\/a><\/p>\n<p>O mundo atravessa a segunda onda da pandemia da Covid-19. Agora, ainda mais intensa e letal. Itapetinga tamb\u00e9m vem lutando para minimizar os danos, reduzir cont\u00e1gio e salvar vidas.<\/p>\n<p>Por isso, consciente da necessidade de mantermos o distanciamento para conter a circula\u00e7\u00e3o do v\u00edrus, a Prefeitura de Itapetinga decide cancelar oficialmente a sua tradicional festa junina deste ano de 2021, assim com aconteceu em 2020.<\/p>\n<p>Embora importante na manuten\u00e7\u00e3o da tradi\u00e7\u00e3o cultural e no fomento \u00e0 economia local, os festejos de S\u00e3o Jo\u00e3o n\u00e3o acontecer\u00e3o neste ano. A medida visa proteger a popula\u00e7\u00e3o, evitando aglomera\u00e7\u00e3o e atra\u00e7\u00e3o de grande p\u00fablico da regi\u00e3o.<\/p>\n<p>\u201cEnfrentamos h\u00e1 mais de um ano a pandemia do coronav\u00edrus. J\u00e1 pausamos nossa vida, cancelamos tantas coisas, deixamos de comemorar tantas datas importantes. Mas ainda \u00e9 preciso manter o distanciamento para que possamos, em breve, festejar o fim dessa batalha e celebrar a vida\u201d, afirmou o prefeito Rodrigo Hagge.<\/p>\n","protected":false},"excerpt":{"rendered":"<p>O mundo atravessa a segunda onda da pandemia da Covid-19. Agora, ainda mais intensa e letal. Itapetinga tamb\u00e9m vem lutando para minimizar os danos, reduzir cont\u00e1gio e salvar vidas. Por isso, consciente da necessidade de mantermos o distanciamento para conter a circula\u00e7\u00e3o do v\u00edrus, a Prefeitura de Itapetinga decide cancelar oficialmente a sua tradicional festa [&hellip;]<\/p>\n","protected":false},"author":2,"featured_media":94241,"comment_status":"open","ping_status":"open","sticky":false,"template":"","format":"standard","meta":{"footnotes":"","_links_to":"","_links_to_target":""},"categories":[1],"tags":[],"class_list":["post-94236","post","type-post","status-publish","format-standard","has-post-thumbnail","hentry","category-geral"],"views":916,"_links":{"self":[{"href":"https:\/\/www.sudoestehoje.com.br\/novoportal\/wp-json\/wp\/v2\/posts\/94236","targetHints":{"allow":["GET"]}}],"collection":[{"href":"https:\/\/www.sudoestehoje.com.br\/novoportal\/wp-json\/wp\/v2\/posts"}],"about":[{"href":"https:\/\/www.sudoestehoje.com.br\/novoportal\/wp-json\/wp\/v2\/types\/post"}],"author":[{"embeddable":true,"href":"https:\/\/www.sudoestehoje.com.br\/novoportal\/wp-json\/wp\/v2\/users\/2"}],"replies":[{"embeddable":true,"href":"https:\/\/www.sudoestehoje.com.br\/novoportal\/wp-json\/wp\/v2\/comments?post=94236"}],"version-history":[{"count":4,"href":"https:\/\/www.sudoestehoje.com.br\/novoportal\/wp-json\/wp\/v2\/posts\/94236\/revisions"}],"predecessor-version":[{"id":94242,"href":"https:\/\/www.sudoestehoje.com.br\/novoportal\/wp-json\/wp\/v2\/posts\/94236\/revisions\/94242"}],"wp:featuredmedia":[{"embeddable":true,"href":"https:\/\/www.sudoestehoje.com.br\/novoportal\/wp-json\/wp\/v2\/media\/94241"}],"wp:attachment":[{"href":"https:\/\/www.sudoestehoje.com.br\/novoportal\/wp-json\/wp\/v2\/media?parent=94236"}],"wp:term":[{"taxonomy":"category","embeddable":true,"href":"https:\/\/www.sudoestehoje.com.br\/novoportal\/wp-json\/wp\/v2\/categories?post=94236"},{"taxonomy":"post_tag","embeddable":true,"href":"https:\/\/www.sudoestehoje.com.br\/novoportal\/wp-json\/wp\/v2\/tags?post=94236"}],"curies":[{"name":"wp","href":"https:\/\/api.w.org\/{rel}","templated":true}]}}