
{"id":94228,"date":"2021-04-14T00:57:04","date_gmt":"2021-04-14T03:57:04","guid":{"rendered":"https:\/\/www.sudoestehoje.com.br\/novoportal\/?p=94228"},"modified":"2021-04-14T00:57:04","modified_gmt":"2021-04-14T03:57:04","slug":"morre-gilma-ferraz-vitima-da-covid-19","status":"publish","type":"post","link":"https:\/\/www.sudoestehoje.com.br\/novoportal\/2021\/04\/14\/morre-gilma-ferraz-vitima-da-covid-19\/","title":{"rendered":"MORRE GILMA FERRAZ, V\u00cdTIMA DA COVID-19"},"content":{"rendered":"<p><a href=\"https:\/\/www.sudoestehoje.com.br\/novoportal\/wp-content\/uploads\/2021\/04\/gilma.jpeg\"><img loading=\"lazy\" decoding=\"async\" class=\"aligncenter size-medium wp-image-94230\" src=\"https:\/\/www.sudoestehoje.com.br\/novoportal\/wp-content\/uploads\/2021\/04\/gilma-500x516.jpeg\" alt=\"\" width=\"500\" height=\"516\" srcset=\"https:\/\/www.sudoestehoje.com.br\/novoportal\/wp-content\/uploads\/2021\/04\/gilma-500x516.jpeg 500w, https:\/\/www.sudoestehoje.com.br\/novoportal\/wp-content\/uploads\/2021\/04\/gilma-700x722.jpeg 700w, https:\/\/www.sudoestehoje.com.br\/novoportal\/wp-content\/uploads\/2021\/04\/gilma.jpeg 720w\" sizes=\"auto, (max-width: 500px) 100vw, 500px\" \/><\/a><\/p>\n<p>Faleceu, nesta ter\u00e7a-feira (13) , v\u00edtima da Covid-19, a enfermeira itapetinguense Gilma Ferraz de Oliveira, filha do casal Belo Ferraz e Dona Fifia, ambos <em>in memoria.<\/em><\/p>\n<p>Gilma viajou no m\u00eas de mar\u00e7o para a cidade de Cascavel, no Paran\u00e1, em visita a uma sobrinha que l\u00e1 reside, e assim que chegou no Paran\u00e1, come\u00e7ou a sentir os primeiros sintomas da Covid-19, sendo internada com urg\u00eancia em uma unidade hospitalar.<\/p>\n<p>Intubada, Gilma permaneceu numa UTI por cerca de um m\u00eas, vindo a falecer nesta ter\u00e7a-feira.<\/p>\n<p>O<em> Sudoeste Hoje<\/em> lamenta profundamente a irrepar\u00e1vel perda e manifesta o seu mais profundo pesar \u00e0 fam\u00edlia, amigos e parentes.<\/p>\n<p>Ainda n\u00e3o h\u00e1 informa\u00e7\u00f5es sobre o local do funeral e sepultamento.<\/p>\n<p><strong><em>Davi Ferraz &#8211; Editor<\/em><\/strong><\/p>\n","protected":false},"excerpt":{"rendered":"<p>Faleceu, nesta ter\u00e7a-feira (13) , v\u00edtima da Covid-19, a enfermeira itapetinguense Gilma Ferraz de Oliveira, filha do casal Belo Ferraz e Dona Fifia, ambos in memoria. Gilma viajou no m\u00eas de mar\u00e7o para a cidade de Cascavel, no Paran\u00e1, em visita a uma sobrinha que l\u00e1 reside, e assim que chegou no Paran\u00e1, come\u00e7ou a [&hellip;]<\/p>\n","protected":false},"author":2,"featured_media":94230,"comment_status":"open","ping_status":"open","sticky":false,"template":"","format":"standard","meta":{"footnotes":"","_links_to":"","_links_to_target":""},"categories":[1],"tags":[],"class_list":["post-94228","post","type-post","status-publish","format-standard","has-post-thumbnail","hentry","category-geral"],"views":2034,"_links":{"self":[{"href":"https:\/\/www.sudoestehoje.com.br\/novoportal\/wp-json\/wp\/v2\/posts\/94228","targetHints":{"allow":["GET"]}}],"collection":[{"href":"https:\/\/www.sudoestehoje.com.br\/novoportal\/wp-json\/wp\/v2\/posts"}],"about":[{"href":"https:\/\/www.sudoestehoje.com.br\/novoportal\/wp-json\/wp\/v2\/types\/post"}],"author":[{"embeddable":true,"href":"https:\/\/www.sudoestehoje.com.br\/novoportal\/wp-json\/wp\/v2\/users\/2"}],"replies":[{"embeddable":true,"href":"https:\/\/www.sudoestehoje.com.br\/novoportal\/wp-json\/wp\/v2\/comments?post=94228"}],"version-history":[{"count":2,"href":"https:\/\/www.sudoestehoje.com.br\/novoportal\/wp-json\/wp\/v2\/posts\/94228\/revisions"}],"predecessor-version":[{"id":94231,"href":"https:\/\/www.sudoestehoje.com.br\/novoportal\/wp-json\/wp\/v2\/posts\/94228\/revisions\/94231"}],"wp:featuredmedia":[{"embeddable":true,"href":"https:\/\/www.sudoestehoje.com.br\/novoportal\/wp-json\/wp\/v2\/media\/94230"}],"wp:attachment":[{"href":"https:\/\/www.sudoestehoje.com.br\/novoportal\/wp-json\/wp\/v2\/media?parent=94228"}],"wp:term":[{"taxonomy":"category","embeddable":true,"href":"https:\/\/www.sudoestehoje.com.br\/novoportal\/wp-json\/wp\/v2\/categories?post=94228"},{"taxonomy":"post_tag","embeddable":true,"href":"https:\/\/www.sudoestehoje.com.br\/novoportal\/wp-json\/wp\/v2\/tags?post=94228"}],"curies":[{"name":"wp","href":"https:\/\/api.w.org\/{rel}","templated":true}]}}