
{"id":94220,"date":"2021-04-13T22:33:28","date_gmt":"2021-04-14T01:33:28","guid":{"rendered":"https:\/\/www.sudoestehoje.com.br\/novoportal\/?p=94220"},"modified":"2021-04-13T22:33:28","modified_gmt":"2021-04-14T01:33:28","slug":"bahia-vai-receber-500-mil-doses-de-vacina-contra-covid-19-na-proxima-quinta","status":"publish","type":"post","link":"https:\/\/www.sudoestehoje.com.br\/novoportal\/2021\/04\/13\/bahia-vai-receber-500-mil-doses-de-vacina-contra-covid-19-na-proxima-quinta\/","title":{"rendered":"BAHIA VAI RECEBER 500 MIL DOSES DE VACINA CONTRA COVID-19 NA PR\u00d3XIMA QUINTA"},"content":{"rendered":"<p><a href=\"https:\/\/www.sudoestehoje.com.br\/novoportal\/wp-content\/uploads\/2021\/04\/500-MIL-DOSES.jpeg\"><img loading=\"lazy\" decoding=\"async\" class=\"aligncenter size-medium wp-image-94221\" src=\"https:\/\/www.sudoestehoje.com.br\/novoportal\/wp-content\/uploads\/2021\/04\/500-MIL-DOSES-500x314.jpeg\" alt=\"\" width=\"500\" height=\"314\" srcset=\"https:\/\/www.sudoestehoje.com.br\/novoportal\/wp-content\/uploads\/2021\/04\/500-MIL-DOSES-500x314.jpeg 500w, https:\/\/www.sudoestehoje.com.br\/novoportal\/wp-content\/uploads\/2021\/04\/500-MIL-DOSES-700x439.jpeg 700w, https:\/\/www.sudoestehoje.com.br\/novoportal\/wp-content\/uploads\/2021\/04\/500-MIL-DOSES-768x482.jpeg 768w, https:\/\/www.sudoestehoje.com.br\/novoportal\/wp-content\/uploads\/2021\/04\/500-MIL-DOSES.jpeg 984w\" sizes=\"auto, (max-width: 500px) 100vw, 500px\" \/><\/a><\/p>\n<p>A Bahia vai receber uma nova remessa com 500 mil doses de vacinas contra a Covid-19 na quinta-feira (15). Nesta semana algumas cidades, inclusive Salvador, interromperam a aplica\u00e7\u00e3o das primeiras doses por falta de estoque do imunizante.<\/p>\n<p>A informa\u00e7\u00e3o foi divulgada pelo secret\u00e1rio da Sa\u00fade do estado, F\u00e1bio Vilas-Boas, atrav\u00e9s de publica\u00e7\u00e3o no Twitter.<\/p>\n<p>Segundo o secret\u00e1rio, o Minist\u00e9rio da Sa\u00fade vai receber 6,3 milh\u00f5es doses. Ser\u00e3o 3,8 milh\u00f5es entregues pela Fiocruz e 2,5 milh\u00f5es do Instituto Butantan.<\/p>\n","protected":false},"excerpt":{"rendered":"<p>A Bahia vai receber uma nova remessa com 500 mil doses de vacinas contra a Covid-19 na quinta-feira (15). Nesta semana algumas cidades, inclusive Salvador, interromperam a aplica\u00e7\u00e3o das primeiras doses por falta de estoque do imunizante. A informa\u00e7\u00e3o foi divulgada pelo secret\u00e1rio da Sa\u00fade do estado, F\u00e1bio Vilas-Boas, atrav\u00e9s de publica\u00e7\u00e3o no Twitter. Segundo [&hellip;]<\/p>\n","protected":false},"author":2,"featured_media":94221,"comment_status":"open","ping_status":"open","sticky":false,"template":"","format":"standard","meta":{"footnotes":"","_links_to":"","_links_to_target":""},"categories":[1],"tags":[],"class_list":["post-94220","post","type-post","status-publish","format-standard","has-post-thumbnail","hentry","category-geral"],"views":837,"_links":{"self":[{"href":"https:\/\/www.sudoestehoje.com.br\/novoportal\/wp-json\/wp\/v2\/posts\/94220","targetHints":{"allow":["GET"]}}],"collection":[{"href":"https:\/\/www.sudoestehoje.com.br\/novoportal\/wp-json\/wp\/v2\/posts"}],"about":[{"href":"https:\/\/www.sudoestehoje.com.br\/novoportal\/wp-json\/wp\/v2\/types\/post"}],"author":[{"embeddable":true,"href":"https:\/\/www.sudoestehoje.com.br\/novoportal\/wp-json\/wp\/v2\/users\/2"}],"replies":[{"embeddable":true,"href":"https:\/\/www.sudoestehoje.com.br\/novoportal\/wp-json\/wp\/v2\/comments?post=94220"}],"version-history":[{"count":1,"href":"https:\/\/www.sudoestehoje.com.br\/novoportal\/wp-json\/wp\/v2\/posts\/94220\/revisions"}],"predecessor-version":[{"id":94222,"href":"https:\/\/www.sudoestehoje.com.br\/novoportal\/wp-json\/wp\/v2\/posts\/94220\/revisions\/94222"}],"wp:featuredmedia":[{"embeddable":true,"href":"https:\/\/www.sudoestehoje.com.br\/novoportal\/wp-json\/wp\/v2\/media\/94221"}],"wp:attachment":[{"href":"https:\/\/www.sudoestehoje.com.br\/novoportal\/wp-json\/wp\/v2\/media?parent=94220"}],"wp:term":[{"taxonomy":"category","embeddable":true,"href":"https:\/\/www.sudoestehoje.com.br\/novoportal\/wp-json\/wp\/v2\/categories?post=94220"},{"taxonomy":"post_tag","embeddable":true,"href":"https:\/\/www.sudoestehoje.com.br\/novoportal\/wp-json\/wp\/v2\/tags?post=94220"}],"curies":[{"name":"wp","href":"https:\/\/api.w.org\/{rel}","templated":true}]}}