
{"id":94215,"date":"2021-04-13T21:10:29","date_gmt":"2021-04-14T00:10:29","guid":{"rendered":"https:\/\/www.sudoestehoje.com.br\/novoportal\/?p=94215"},"modified":"2021-04-14T00:12:50","modified_gmt":"2021-04-14T03:12:50","slug":"itapetinga-morre-neuman-ferraz-vitima-de-infarto-aos-84-anos","status":"publish","type":"post","link":"https:\/\/www.sudoestehoje.com.br\/novoportal\/2021\/04\/13\/itapetinga-morre-neuman-ferraz-vitima-de-infarto-aos-84-anos\/","title":{"rendered":"ITAPETINGA: MORRE NEUMAN FERRAZ, V\u00cdTIMA DE INFARTO, AOS 84 ANOS"},"content":{"rendered":"<p><a href=\"https:\/\/www.sudoestehoje.com.br\/novoportal\/wp-content\/uploads\/2021\/04\/neuma.jpeg\"><img loading=\"lazy\" decoding=\"async\" class=\"aligncenter wp-image-94216\" src=\"https:\/\/www.sudoestehoje.com.br\/novoportal\/wp-content\/uploads\/2021\/04\/neuma.jpeg\" alt=\"\" width=\"500\" height=\"495\" srcset=\"https:\/\/www.sudoestehoje.com.br\/novoportal\/wp-content\/uploads\/2021\/04\/neuma.jpeg 259w, https:\/\/www.sudoestehoje.com.br\/novoportal\/wp-content\/uploads\/2021\/04\/neuma-150x150.jpeg 150w\" sizes=\"auto, (max-width: 500px) 100vw, 500px\" \/><\/a><\/p>\n<p>Faleceu no final da tarde desta ter\u00e7a-feira (13), Neuman Ferraz da Silva, aos 84 anos, vitima de um infarto fulminante.<\/p>\n<p>Neuman era figura conhecida e atuava na corretagem de gado e fazendas no munic\u00edpio de Itapetinga e regi\u00e3o, gozando da confian\u00e7a e amizade de pecuaristas e comerciantes.<\/p>\n<p>De fam\u00edlia tradicional, Neuman era filho do saudoso &#8216;Capit\u00e3o&#8217; e Dona Tut\u00fa, e irm\u00e3o de Zoz\u00f3, Nelson, Ozires,\u00a0 Nerivaldo, Teta, Santa, S\u00ed, Wilson, Lucinha, alguns<em> in memoria<\/em>.<\/p>\n<p>O corpo ser\u00e1 velado no cerimonial localizado na Av. Cinquenten\u00e1rio e sepultado \u00e0s 10h desta quarta-feira (14).<\/p>\n<p>O Sudoeste Hoje lamenta a perda do primo e amigo Neuman, manifestando o seu pesar \u00e0 numerosa fam\u00edlia Ferraz, aos amigos, filhos e netos, hora enlutados.<\/p>\n<p><strong><em>Davi Ferraz &#8211; Editor<\/em><\/strong><\/p>\n","protected":false},"excerpt":{"rendered":"<p>Faleceu no final da tarde desta ter\u00e7a-feira (13), Neuman Ferraz da Silva, aos 84 anos, vitima de um infarto fulminante. Neuman era figura conhecida e atuava na corretagem de gado e fazendas no munic\u00edpio de Itapetinga e regi\u00e3o, gozando da confian\u00e7a e amizade de pecuaristas e comerciantes. De fam\u00edlia tradicional, Neuman era filho do saudoso [&hellip;]<\/p>\n","protected":false},"author":2,"featured_media":94216,"comment_status":"open","ping_status":"open","sticky":false,"template":"","format":"standard","meta":{"footnotes":"","_links_to":"","_links_to_target":""},"categories":[1],"tags":[],"class_list":["post-94215","post","type-post","status-publish","format-standard","has-post-thumbnail","hentry","category-geral"],"views":1933,"_links":{"self":[{"href":"https:\/\/www.sudoestehoje.com.br\/novoportal\/wp-json\/wp\/v2\/posts\/94215","targetHints":{"allow":["GET"]}}],"collection":[{"href":"https:\/\/www.sudoestehoje.com.br\/novoportal\/wp-json\/wp\/v2\/posts"}],"about":[{"href":"https:\/\/www.sudoestehoje.com.br\/novoportal\/wp-json\/wp\/v2\/types\/post"}],"author":[{"embeddable":true,"href":"https:\/\/www.sudoestehoje.com.br\/novoportal\/wp-json\/wp\/v2\/users\/2"}],"replies":[{"embeddable":true,"href":"https:\/\/www.sudoestehoje.com.br\/novoportal\/wp-json\/wp\/v2\/comments?post=94215"}],"version-history":[{"count":4,"href":"https:\/\/www.sudoestehoje.com.br\/novoportal\/wp-json\/wp\/v2\/posts\/94215\/revisions"}],"predecessor-version":[{"id":94227,"href":"https:\/\/www.sudoestehoje.com.br\/novoportal\/wp-json\/wp\/v2\/posts\/94215\/revisions\/94227"}],"wp:featuredmedia":[{"embeddable":true,"href":"https:\/\/www.sudoestehoje.com.br\/novoportal\/wp-json\/wp\/v2\/media\/94216"}],"wp:attachment":[{"href":"https:\/\/www.sudoestehoje.com.br\/novoportal\/wp-json\/wp\/v2\/media?parent=94215"}],"wp:term":[{"taxonomy":"category","embeddable":true,"href":"https:\/\/www.sudoestehoje.com.br\/novoportal\/wp-json\/wp\/v2\/categories?post=94215"},{"taxonomy":"post_tag","embeddable":true,"href":"https:\/\/www.sudoestehoje.com.br\/novoportal\/wp-json\/wp\/v2\/tags?post=94215"}],"curies":[{"name":"wp","href":"https:\/\/api.w.org\/{rel}","templated":true}]}}