
{"id":94203,"date":"2021-04-12T21:27:13","date_gmt":"2021-04-13T00:27:13","guid":{"rendered":"https:\/\/www.sudoestehoje.com.br\/novoportal\/?p=94203"},"modified":"2021-04-12T21:27:13","modified_gmt":"2021-04-13T00:27:13","slug":"itapetinga-morre-em-conquista-o-comerciante-tathiago-vitima-da-covid-19","status":"publish","type":"post","link":"https:\/\/www.sudoestehoje.com.br\/novoportal\/2021\/04\/12\/itapetinga-morre-em-conquista-o-comerciante-tathiago-vitima-da-covid-19\/","title":{"rendered":"ITAPETINGA: MORRE EM CONQUISTA O COMERCIANTE TATHIAGO, V\u00cdTIMA DA COVID-19"},"content":{"rendered":"<p><a href=\"https:\/\/www.sudoestehoje.com.br\/novoportal\/wp-content\/uploads\/2021\/04\/tathiago.jpeg\"><img loading=\"lazy\" decoding=\"async\" class=\"aligncenter size-medium wp-image-94205\" src=\"https:\/\/www.sudoestehoje.com.br\/novoportal\/wp-content\/uploads\/2021\/04\/tathiago-500x419.jpeg\" alt=\"\" width=\"500\" height=\"419\" srcset=\"https:\/\/www.sudoestehoje.com.br\/novoportal\/wp-content\/uploads\/2021\/04\/tathiago-500x419.jpeg 500w, https:\/\/www.sudoestehoje.com.br\/novoportal\/wp-content\/uploads\/2021\/04\/tathiago-700x587.jpeg 700w, https:\/\/www.sudoestehoje.com.br\/novoportal\/wp-content\/uploads\/2021\/04\/tathiago-768x644.jpeg 768w, https:\/\/www.sudoestehoje.com.br\/novoportal\/wp-content\/uploads\/2021\/04\/tathiago.jpeg 1079w\" sizes=\"auto, (max-width: 500px) 100vw, 500px\" \/><\/a><\/p>\n<p>Faleceu, nesta segunda-feira (12), em um hospital de Vit\u00f3ria da Conquista, o comerciante itapetinguense Ariomar Tathiago, v\u00edtima da Covid-19.<\/p>\n<p>Tatiago apresentou os sintomas da Covid no final do m\u00eas de mar\u00e7o, sendo atendido na UPA de Itapetinga e posteriormente transferido, mediante regula\u00e7\u00e3o da Sesab, para uma UTI em Vit\u00f3ria da Conquista, onde permaneceu entubado, mas n\u00e3o resistiu e veio a \u00f3bito.<\/p>\n<p>O Sudoeste Hoje lamenta a perda do amigo e manifesta o seu pesar aos familiares e amigos de Tathiago.<\/p>\n<p><strong><em>Davi Ferraz &#8211; Editor<\/em><\/strong><\/p>\n","protected":false},"excerpt":{"rendered":"<p>Faleceu, nesta segunda-feira (12), em um hospital de Vit\u00f3ria da Conquista, o comerciante itapetinguense Ariomar Tathiago, v\u00edtima da Covid-19. Tatiago apresentou os sintomas da Covid no final do m\u00eas de mar\u00e7o, sendo atendido na UPA de Itapetinga e posteriormente transferido, mediante regula\u00e7\u00e3o da Sesab, para uma UTI em Vit\u00f3ria da Conquista, onde permaneceu entubado, mas [&hellip;]<\/p>\n","protected":false},"author":2,"featured_media":94205,"comment_status":"open","ping_status":"open","sticky":false,"template":"","format":"standard","meta":{"footnotes":"","_links_to":"","_links_to_target":""},"categories":[1],"tags":[],"class_list":["post-94203","post","type-post","status-publish","format-standard","has-post-thumbnail","hentry","category-geral"],"views":929,"_links":{"self":[{"href":"https:\/\/www.sudoestehoje.com.br\/novoportal\/wp-json\/wp\/v2\/posts\/94203","targetHints":{"allow":["GET"]}}],"collection":[{"href":"https:\/\/www.sudoestehoje.com.br\/novoportal\/wp-json\/wp\/v2\/posts"}],"about":[{"href":"https:\/\/www.sudoestehoje.com.br\/novoportal\/wp-json\/wp\/v2\/types\/post"}],"author":[{"embeddable":true,"href":"https:\/\/www.sudoestehoje.com.br\/novoportal\/wp-json\/wp\/v2\/users\/2"}],"replies":[{"embeddable":true,"href":"https:\/\/www.sudoestehoje.com.br\/novoportal\/wp-json\/wp\/v2\/comments?post=94203"}],"version-history":[{"count":3,"href":"https:\/\/www.sudoestehoje.com.br\/novoportal\/wp-json\/wp\/v2\/posts\/94203\/revisions"}],"predecessor-version":[{"id":94207,"href":"https:\/\/www.sudoestehoje.com.br\/novoportal\/wp-json\/wp\/v2\/posts\/94203\/revisions\/94207"}],"wp:featuredmedia":[{"embeddable":true,"href":"https:\/\/www.sudoestehoje.com.br\/novoportal\/wp-json\/wp\/v2\/media\/94205"}],"wp:attachment":[{"href":"https:\/\/www.sudoestehoje.com.br\/novoportal\/wp-json\/wp\/v2\/media?parent=94203"}],"wp:term":[{"taxonomy":"category","embeddable":true,"href":"https:\/\/www.sudoestehoje.com.br\/novoportal\/wp-json\/wp\/v2\/categories?post=94203"},{"taxonomy":"post_tag","embeddable":true,"href":"https:\/\/www.sudoestehoje.com.br\/novoportal\/wp-json\/wp\/v2\/tags?post=94203"}],"curies":[{"name":"wp","href":"https:\/\/api.w.org\/{rel}","templated":true}]}}