
{"id":94189,"date":"2021-04-11T18:33:02","date_gmt":"2021-04-11T21:33:02","guid":{"rendered":"https:\/\/www.sudoestehoje.com.br\/novoportal\/?p=94189"},"modified":"2021-04-11T18:33:02","modified_gmt":"2021-04-11T21:33:02","slug":"itapetinga-vacinacao-contra-covid-19-prosegue-para-idosos-a-partir-de-60-anos","status":"publish","type":"post","link":"https:\/\/www.sudoestehoje.com.br\/novoportal\/2021\/04\/11\/itapetinga-vacinacao-contra-covid-19-prosegue-para-idosos-a-partir-de-60-anos\/","title":{"rendered":"ITAPETINGA: VACINA\u00c7\u00c3O CONTRA COVID-19 PROSEGUE PARA IDOSOS A PARTIR DE 60 ANOS"},"content":{"rendered":"<p><a href=\"https:\/\/www.sudoestehoje.com.br\/novoportal\/wp-content\/uploads\/2021\/04\/03-03-2021-vacinacao-contra-covid-19-para-faixas-de-80-a-85-anos-rodrigo-clemente-pbh-100-5.jpg\"><img loading=\"lazy\" decoding=\"async\" class=\"aligncenter size-medium wp-image-94191\" src=\"https:\/\/www.sudoestehoje.com.br\/novoportal\/wp-content\/uploads\/2021\/04\/03-03-2021-vacinacao-contra-covid-19-para-faixas-de-80-a-85-anos-rodrigo-clemente-pbh-100-5-500x273.jpg\" alt=\"\" width=\"500\" height=\"273\" srcset=\"https:\/\/www.sudoestehoje.com.br\/novoportal\/wp-content\/uploads\/2021\/04\/03-03-2021-vacinacao-contra-covid-19-para-faixas-de-80-a-85-anos-rodrigo-clemente-pbh-100-5-500x273.jpg 500w, https:\/\/www.sudoestehoje.com.br\/novoportal\/wp-content\/uploads\/2021\/04\/03-03-2021-vacinacao-contra-covid-19-para-faixas-de-80-a-85-anos-rodrigo-clemente-pbh-100-5-700x382.jpg 700w, https:\/\/www.sudoestehoje.com.br\/novoportal\/wp-content\/uploads\/2021\/04\/03-03-2021-vacinacao-contra-covid-19-para-faixas-de-80-a-85-anos-rodrigo-clemente-pbh-100-5-768x419.jpg 768w, https:\/\/www.sudoestehoje.com.br\/novoportal\/wp-content\/uploads\/2021\/04\/03-03-2021-vacinacao-contra-covid-19-para-faixas-de-80-a-85-anos-rodrigo-clemente-pbh-100-5.jpg 770w\" sizes=\"auto, (max-width: 500px) 100vw, 500px\" \/><\/a><\/p>\n<p>Uma nova faixa priorit\u00e1ria de idosos come\u00e7a a ser contemplada, a partir desta segunda-feira (12), dentro do programa de vacina\u00e7\u00e3o contra a Covid-19, nos postos de sa\u00fade de Itapetinga.<\/p>\n<p>O novo grupo a ser vacinado \u00e9 formado por idosos a partir de 60 anos, para quem vai receber a primeira dose, e os de 70 anos ou mais, para a segunda dose.<\/p>\n<p>Para os de 60 anos, ser\u00e1 utilizada a vacina da Astrazeneca, nos postos Guilherme Dias, Nova Itapetinga e Vila Riach\u00e3o. J\u00e1 os que v\u00e3o receber a 2\u00aa dose, atrav\u00e9s da vacina Coronavac, os postos indicados s\u00e3o: Idal\u00e9cio Andrade e Clodoaldo Costa.<\/p>\n<p><em><strong>Reda\u00e7\u00e3o SH\u00a0<\/strong><\/em><\/p>\n","protected":false},"excerpt":{"rendered":"<p>Uma nova faixa priorit\u00e1ria de idosos come\u00e7a a ser contemplada, a partir desta segunda-feira (12), dentro do programa de vacina\u00e7\u00e3o contra a Covid-19, nos postos de sa\u00fade de Itapetinga. O novo grupo a ser vacinado \u00e9 formado por idosos a partir de 60 anos, para quem vai receber a primeira dose, e os de 70 [&hellip;]<\/p>\n","protected":false},"author":2,"featured_media":94191,"comment_status":"open","ping_status":"open","sticky":false,"template":"","format":"standard","meta":{"footnotes":"","_links_to":"","_links_to_target":""},"categories":[1],"tags":[],"class_list":["post-94189","post","type-post","status-publish","format-standard","has-post-thumbnail","hentry","category-geral"],"views":979,"_links":{"self":[{"href":"https:\/\/www.sudoestehoje.com.br\/novoportal\/wp-json\/wp\/v2\/posts\/94189","targetHints":{"allow":["GET"]}}],"collection":[{"href":"https:\/\/www.sudoestehoje.com.br\/novoportal\/wp-json\/wp\/v2\/posts"}],"about":[{"href":"https:\/\/www.sudoestehoje.com.br\/novoportal\/wp-json\/wp\/v2\/types\/post"}],"author":[{"embeddable":true,"href":"https:\/\/www.sudoestehoje.com.br\/novoportal\/wp-json\/wp\/v2\/users\/2"}],"replies":[{"embeddable":true,"href":"https:\/\/www.sudoestehoje.com.br\/novoportal\/wp-json\/wp\/v2\/comments?post=94189"}],"version-history":[{"count":2,"href":"https:\/\/www.sudoestehoje.com.br\/novoportal\/wp-json\/wp\/v2\/posts\/94189\/revisions"}],"predecessor-version":[{"id":94192,"href":"https:\/\/www.sudoestehoje.com.br\/novoportal\/wp-json\/wp\/v2\/posts\/94189\/revisions\/94192"}],"wp:featuredmedia":[{"embeddable":true,"href":"https:\/\/www.sudoestehoje.com.br\/novoportal\/wp-json\/wp\/v2\/media\/94191"}],"wp:attachment":[{"href":"https:\/\/www.sudoestehoje.com.br\/novoportal\/wp-json\/wp\/v2\/media?parent=94189"}],"wp:term":[{"taxonomy":"category","embeddable":true,"href":"https:\/\/www.sudoestehoje.com.br\/novoportal\/wp-json\/wp\/v2\/categories?post=94189"},{"taxonomy":"post_tag","embeddable":true,"href":"https:\/\/www.sudoestehoje.com.br\/novoportal\/wp-json\/wp\/v2\/tags?post=94189"}],"curies":[{"name":"wp","href":"https:\/\/api.w.org\/{rel}","templated":true}]}}