
{"id":94166,"date":"2021-04-09T09:03:35","date_gmt":"2021-04-09T12:03:35","guid":{"rendered":"https:\/\/www.sudoestehoje.com.br\/novoportal\/?p=94166"},"modified":"2021-04-09T09:04:15","modified_gmt":"2021-04-09T12:04:15","slug":"morre-o-principe-philip-marido-da-rainha-da-elizabeth-ii-da-inglaterra","status":"publish","type":"post","link":"https:\/\/www.sudoestehoje.com.br\/novoportal\/2021\/04\/09\/morre-o-principe-philip-marido-da-rainha-da-elizabeth-ii-da-inglaterra\/","title":{"rendered":"MORRE O PR\u00cdNCIPE PHILIP, MARIDO DA RAINHA DA ELIZABETH II DA INGLATERRA"},"content":{"rendered":"<p><a href=\"https:\/\/www.sudoestehoje.com.br\/novoportal\/wp-content\/uploads\/2021\/04\/PRINCIPE-PHILIP.jpg\"><img loading=\"lazy\" decoding=\"async\" class=\"aligncenter size-full wp-image-94167\" src=\"https:\/\/www.sudoestehoje.com.br\/novoportal\/wp-content\/uploads\/2021\/04\/PRINCIPE-PHILIP.jpg\" alt=\"\" width=\"450\" height=\"337\" \/><\/a><\/p>\n<p>Morreu nesta quinta-feira, aos 99 anos, o\u00a0<a href=\"https:\/\/www.cnnbrasil.com.br\/tudo-sobre\/principe-philip\">pr\u00edncipe Philip<\/a>, marido da rainha brit\u00e2nica Elizabeth II. A informa\u00e7\u00e3o foi confirmada pelo Pal\u00e1cio de Windsor, que n\u00e3o revelou a causa da morte.<\/p>\n<p>O Duque de Edimburgo, casado com\u00a0<a href=\"https:\/\/www.cnnbrasil.com.br\/tudo-sobre\/rainha-elizabeth-ii\">Elizabeth II<\/a>\u00a0desde 1947, completaria 100 anos em 10 de junho.<\/p>\n<p>&#8220;\u00c9 com profunda tristeza que Sua Majestade a Rainha anunciou a morte de seu amado marido, Sua Alteza Real, o Pr\u00edncipe Philip, Duque de Edimburgo. Sua Alteza Real faleceu pacificamente esta manh\u00e3 no Castelo de Windsor&#8221;, informou a fam\u00edlia real brit\u00e2nica,\u00a0<a href=\"https:\/\/twitter.com\/RoyalFamily\/status\/1380475865323212800\" target=\"_blank\" rel=\"noopener noreferrer\">em sua conta no Twitter<\/a>.<\/p>\n<p>Entre fevereiro e mar\u00e7o, Philip passou quatro semanas internado em hospitais de Londres para tratamento de uma infec\u00e7\u00e3o e para fazer um procedimento card\u00edaco.\u00a0<a href=\"https:\/\/www.cnnbrasil.com.br\/internacional\/2021\/03\/16\/principe-philip-deixa-hospital-no-reino-unido-apos-tratamento-cardiaco\">Ele havia recebido alta hospitalar no dia 16<\/a>.<\/p>\n<p>Em breve entrevista coletiva, o primeiro-ministro brit\u00e2nico,\u00a0Boris Johnson,\u00a0<a href=\"https:\/\/www.cnnbrasil.com.br\/internacional\/2021\/04\/09\/primeiro-ministro-britanico-boris-johnson-agradece-legado-do-principe-philip\">agradeceu a contribui\u00e7\u00e3o do pr\u00edncipe Philip aos pa\u00edses que formam o reinado<\/a>. &#8220;N\u00f3s agradecemos como na\u00e7\u00e3o pela vida do pr\u00edncipe Philip&#8221;, disse Johnson.<\/p>\n","protected":false},"excerpt":{"rendered":"<p>Morreu nesta quinta-feira, aos 99 anos, o\u00a0pr\u00edncipe Philip, marido da rainha brit\u00e2nica Elizabeth II. A informa\u00e7\u00e3o foi confirmada pelo Pal\u00e1cio de Windsor, que n\u00e3o revelou a causa da morte. O Duque de Edimburgo, casado com\u00a0Elizabeth II\u00a0desde 1947, completaria 100 anos em 10 de junho. &#8220;\u00c9 com profunda tristeza que Sua Majestade a Rainha anunciou a [&hellip;]<\/p>\n","protected":false},"author":2,"featured_media":94167,"comment_status":"open","ping_status":"open","sticky":false,"template":"","format":"standard","meta":{"footnotes":"","_links_to":"","_links_to_target":""},"categories":[1],"tags":[],"class_list":["post-94166","post","type-post","status-publish","format-standard","has-post-thumbnail","hentry","category-geral"],"views":895,"_links":{"self":[{"href":"https:\/\/www.sudoestehoje.com.br\/novoportal\/wp-json\/wp\/v2\/posts\/94166","targetHints":{"allow":["GET"]}}],"collection":[{"href":"https:\/\/www.sudoestehoje.com.br\/novoportal\/wp-json\/wp\/v2\/posts"}],"about":[{"href":"https:\/\/www.sudoestehoje.com.br\/novoportal\/wp-json\/wp\/v2\/types\/post"}],"author":[{"embeddable":true,"href":"https:\/\/www.sudoestehoje.com.br\/novoportal\/wp-json\/wp\/v2\/users\/2"}],"replies":[{"embeddable":true,"href":"https:\/\/www.sudoestehoje.com.br\/novoportal\/wp-json\/wp\/v2\/comments?post=94166"}],"version-history":[{"count":1,"href":"https:\/\/www.sudoestehoje.com.br\/novoportal\/wp-json\/wp\/v2\/posts\/94166\/revisions"}],"predecessor-version":[{"id":94168,"href":"https:\/\/www.sudoestehoje.com.br\/novoportal\/wp-json\/wp\/v2\/posts\/94166\/revisions\/94168"}],"wp:featuredmedia":[{"embeddable":true,"href":"https:\/\/www.sudoestehoje.com.br\/novoportal\/wp-json\/wp\/v2\/media\/94167"}],"wp:attachment":[{"href":"https:\/\/www.sudoestehoje.com.br\/novoportal\/wp-json\/wp\/v2\/media?parent=94166"}],"wp:term":[{"taxonomy":"category","embeddable":true,"href":"https:\/\/www.sudoestehoje.com.br\/novoportal\/wp-json\/wp\/v2\/categories?post=94166"},{"taxonomy":"post_tag","embeddable":true,"href":"https:\/\/www.sudoestehoje.com.br\/novoportal\/wp-json\/wp\/v2\/tags?post=94166"}],"curies":[{"name":"wp","href":"https:\/\/api.w.org\/{rel}","templated":true}]}}