
{"id":94162,"date":"2021-04-09T01:20:30","date_gmt":"2021-04-09T04:20:30","guid":{"rendered":"https:\/\/www.sudoestehoje.com.br\/novoportal\/?p=94162"},"modified":"2021-04-09T01:20:30","modified_gmt":"2021-04-09T04:20:30","slug":"stf-decide-que-estados-e-municipios-podem-proibir-missas-e-cultos-durante-pandemia","status":"publish","type":"post","link":"https:\/\/www.sudoestehoje.com.br\/novoportal\/2021\/04\/09\/stf-decide-que-estados-e-municipios-podem-proibir-missas-e-cultos-durante-pandemia\/","title":{"rendered":"STF DECIDE QUE ESTADOS E MUNIC\u00cdPIOS PODEM PROIBIR MISSAS E CULTOS DURANTE PANDEMIA"},"content":{"rendered":"<p><a href=\"https:\/\/www.sudoestehoje.com.br\/novoportal\/wp-content\/uploads\/2021\/04\/STF-ON-LINE.jpg\"><img loading=\"lazy\" decoding=\"async\" class=\"aligncenter size-medium wp-image-94164\" src=\"https:\/\/www.sudoestehoje.com.br\/novoportal\/wp-content\/uploads\/2021\/04\/STF-ON-LINE-500x300.jpg\" alt=\"\" width=\"500\" height=\"300\" srcset=\"https:\/\/www.sudoestehoje.com.br\/novoportal\/wp-content\/uploads\/2021\/04\/STF-ON-LINE-500x300.jpg 500w, https:\/\/www.sudoestehoje.com.br\/novoportal\/wp-content\/uploads\/2021\/04\/STF-ON-LINE-700x420.jpg 700w, https:\/\/www.sudoestehoje.com.br\/novoportal\/wp-content\/uploads\/2021\/04\/STF-ON-LINE-768x461.jpg 768w, https:\/\/www.sudoestehoje.com.br\/novoportal\/wp-content\/uploads\/2021\/04\/STF-ON-LINE.jpg 1086w\" sizes=\"auto, (max-width: 500px) 100vw, 500px\" \/><\/a><\/p>\n<p>BRAS\u00cdLIA\u00a0 \u2014 O Supremo Tribunal Federal (STF) decidiu nesta quinta-feira pela possibilidade de estados e prefeituras decretarem o fechamento de igrejas e templos como forma de combater a pandemia do coronav\u00edrus.O placar foi 9 a 2 pelas restri\u00e7\u00f5es a cerim\u00f4nias religiosas.<\/p>\n<p>Votaram a favor da proibi\u00e7\u00e3o o relator Gilmar Mendes, Alexandre de Moraes, Edson Fachin, Lu\u00eds Roberto Barroso, Rosa Weber, C\u00e1rmen L\u00facia, Ricardo Lewandowski,\u00a0 Marco Aur\u00e9lio de Mello e Luiz Fux. Apenas Nunes Marques e Dias Toffoli se posicionaram a favor da realiza\u00e7\u00e3o de missas e cultos.<\/p>\n<p>Os ministros favor\u00e1veis \u00e0 restri\u00e7\u00e3o criticaram o negacionismo e o governo federal e destacaram que n\u00e3o se trata de julgar a liberdade religiosa. Nunes Marques, autor da liminar que suspendeu temporariamente o fechamento de templos e igrejas, defendeu que &#8220;o confinamento \u00e9 importante, mas tamb\u00e9m pode matar se n\u00e3o tiver um alento espiritual&#8221;.<\/p>\n","protected":false},"excerpt":{"rendered":"<p>BRAS\u00cdLIA\u00a0 \u2014 O Supremo Tribunal Federal (STF) decidiu nesta quinta-feira pela possibilidade de estados e prefeituras decretarem o fechamento de igrejas e templos como forma de combater a pandemia do coronav\u00edrus.O placar foi 9 a 2 pelas restri\u00e7\u00f5es a cerim\u00f4nias religiosas. Votaram a favor da proibi\u00e7\u00e3o o relator Gilmar Mendes, Alexandre de Moraes, Edson Fachin, [&hellip;]<\/p>\n","protected":false},"author":2,"featured_media":94164,"comment_status":"open","ping_status":"open","sticky":false,"template":"","format":"standard","meta":{"footnotes":"","_links_to":"","_links_to_target":""},"categories":[1],"tags":[],"class_list":["post-94162","post","type-post","status-publish","format-standard","has-post-thumbnail","hentry","category-geral"],"views":981,"_links":{"self":[{"href":"https:\/\/www.sudoestehoje.com.br\/novoportal\/wp-json\/wp\/v2\/posts\/94162","targetHints":{"allow":["GET"]}}],"collection":[{"href":"https:\/\/www.sudoestehoje.com.br\/novoportal\/wp-json\/wp\/v2\/posts"}],"about":[{"href":"https:\/\/www.sudoestehoje.com.br\/novoportal\/wp-json\/wp\/v2\/types\/post"}],"author":[{"embeddable":true,"href":"https:\/\/www.sudoestehoje.com.br\/novoportal\/wp-json\/wp\/v2\/users\/2"}],"replies":[{"embeddable":true,"href":"https:\/\/www.sudoestehoje.com.br\/novoportal\/wp-json\/wp\/v2\/comments?post=94162"}],"version-history":[{"count":2,"href":"https:\/\/www.sudoestehoje.com.br\/novoportal\/wp-json\/wp\/v2\/posts\/94162\/revisions"}],"predecessor-version":[{"id":94165,"href":"https:\/\/www.sudoestehoje.com.br\/novoportal\/wp-json\/wp\/v2\/posts\/94162\/revisions\/94165"}],"wp:featuredmedia":[{"embeddable":true,"href":"https:\/\/www.sudoestehoje.com.br\/novoportal\/wp-json\/wp\/v2\/media\/94164"}],"wp:attachment":[{"href":"https:\/\/www.sudoestehoje.com.br\/novoportal\/wp-json\/wp\/v2\/media?parent=94162"}],"wp:term":[{"taxonomy":"category","embeddable":true,"href":"https:\/\/www.sudoestehoje.com.br\/novoportal\/wp-json\/wp\/v2\/categories?post=94162"},{"taxonomy":"post_tag","embeddable":true,"href":"https:\/\/www.sudoestehoje.com.br\/novoportal\/wp-json\/wp\/v2\/tags?post=94162"}],"curies":[{"name":"wp","href":"https:\/\/api.w.org\/{rel}","templated":true}]}}