
{"id":94159,"date":"2021-04-09T01:11:38","date_gmt":"2021-04-09T04:11:38","guid":{"rendered":"https:\/\/www.sudoestehoje.com.br\/novoportal\/?p=94159"},"modified":"2021-04-09T01:11:38","modified_gmt":"2021-04-09T04:11:38","slug":"apresentador-de-esporte-da-rede-bahia-se-recupera-da-covid-19-e-recebe-alta","status":"publish","type":"post","link":"https:\/\/www.sudoestehoje.com.br\/novoportal\/2021\/04\/09\/apresentador-de-esporte-da-rede-bahia-se-recupera-da-covid-19-e-recebe-alta\/","title":{"rendered":"APRESENTADOR DE ESPORTE DA REDE BAHIA SE RECUPERA DA COVID-19 E RECEBE ALTA"},"content":{"rendered":"<p><a href=\"https:\/\/www.sudoestehoje.com.br\/novoportal\/wp-content\/uploads\/2021\/04\/DANILIO-TV-BAHIA.jpeg\"><img loading=\"lazy\" decoding=\"async\" class=\"aligncenter size-medium wp-image-94160\" src=\"https:\/\/www.sudoestehoje.com.br\/novoportal\/wp-content\/uploads\/2021\/04\/DANILIO-TV-BAHIA-500x241.jpeg\" alt=\"\" width=\"500\" height=\"241\" srcset=\"https:\/\/www.sudoestehoje.com.br\/novoportal\/wp-content\/uploads\/2021\/04\/DANILIO-TV-BAHIA-500x241.jpeg 500w, https:\/\/www.sudoestehoje.com.br\/novoportal\/wp-content\/uploads\/2021\/04\/DANILIO-TV-BAHIA-700x338.jpeg 700w, https:\/\/www.sudoestehoje.com.br\/novoportal\/wp-content\/uploads\/2021\/04\/DANILIO-TV-BAHIA-768x371.jpeg 768w, https:\/\/www.sudoestehoje.com.br\/novoportal\/wp-content\/uploads\/2021\/04\/DANILIO-TV-BAHIA.jpeg 940w\" sizes=\"auto, (max-width: 500px) 100vw, 500px\" \/><\/a><\/p>\n<p>O jornalista e apresentador do Globo Esporte Bahia, Danilo Ribeiro, anunciou nesta quarta-feira,\u00a07, que recebeu alta hospitalar ap\u00f3s se recuperar da covid-19. Ele estava internado no Hospital Portugu\u00eas, em Salvador, h\u00e1 10 dias e chegou a ter 50% do pulm\u00e3o comprometido.<\/p>\n<p>&#8220;Estou de ALTA. Gra\u00e7as a Deus, atrav\u00e9s do trabalho incans\u00e1vel de Dr. Alessandro Farias e de uma equipe fant\u00e1stica de profissionais da sa\u00fade do Hospital Portugu\u00eas, independente da fun\u00e7\u00e3o. T\u00e3o importante quanto as t\u00e9cnicas e os medicamentos, \u00e9 o afeto que cada um deles ofereceu nesta jornada de 10 dias&#8221;, agradeceu Danilo em um post no Instagram.<\/p>\n","protected":false},"excerpt":{"rendered":"<p>O jornalista e apresentador do Globo Esporte Bahia, Danilo Ribeiro, anunciou nesta quarta-feira,\u00a07, que recebeu alta hospitalar ap\u00f3s se recuperar da covid-19. Ele estava internado no Hospital Portugu\u00eas, em Salvador, h\u00e1 10 dias e chegou a ter 50% do pulm\u00e3o comprometido. &#8220;Estou de ALTA. Gra\u00e7as a Deus, atrav\u00e9s do trabalho incans\u00e1vel de Dr. Alessandro Farias [&hellip;]<\/p>\n","protected":false},"author":2,"featured_media":94160,"comment_status":"open","ping_status":"open","sticky":false,"template":"","format":"standard","meta":{"footnotes":"","_links_to":"","_links_to_target":""},"categories":[1],"tags":[],"class_list":["post-94159","post","type-post","status-publish","format-standard","has-post-thumbnail","hentry","category-geral"],"views":840,"_links":{"self":[{"href":"https:\/\/www.sudoestehoje.com.br\/novoportal\/wp-json\/wp\/v2\/posts\/94159","targetHints":{"allow":["GET"]}}],"collection":[{"href":"https:\/\/www.sudoestehoje.com.br\/novoportal\/wp-json\/wp\/v2\/posts"}],"about":[{"href":"https:\/\/www.sudoestehoje.com.br\/novoportal\/wp-json\/wp\/v2\/types\/post"}],"author":[{"embeddable":true,"href":"https:\/\/www.sudoestehoje.com.br\/novoportal\/wp-json\/wp\/v2\/users\/2"}],"replies":[{"embeddable":true,"href":"https:\/\/www.sudoestehoje.com.br\/novoportal\/wp-json\/wp\/v2\/comments?post=94159"}],"version-history":[{"count":1,"href":"https:\/\/www.sudoestehoje.com.br\/novoportal\/wp-json\/wp\/v2\/posts\/94159\/revisions"}],"predecessor-version":[{"id":94161,"href":"https:\/\/www.sudoestehoje.com.br\/novoportal\/wp-json\/wp\/v2\/posts\/94159\/revisions\/94161"}],"wp:featuredmedia":[{"embeddable":true,"href":"https:\/\/www.sudoestehoje.com.br\/novoportal\/wp-json\/wp\/v2\/media\/94160"}],"wp:attachment":[{"href":"https:\/\/www.sudoestehoje.com.br\/novoportal\/wp-json\/wp\/v2\/media?parent=94159"}],"wp:term":[{"taxonomy":"category","embeddable":true,"href":"https:\/\/www.sudoestehoje.com.br\/novoportal\/wp-json\/wp\/v2\/categories?post=94159"},{"taxonomy":"post_tag","embeddable":true,"href":"https:\/\/www.sudoestehoje.com.br\/novoportal\/wp-json\/wp\/v2\/tags?post=94159"}],"curies":[{"name":"wp","href":"https:\/\/api.w.org\/{rel}","templated":true}]}}