
{"id":94146,"date":"2021-04-09T00:08:10","date_gmt":"2021-04-09T03:08:10","guid":{"rendered":"https:\/\/www.sudoestehoje.com.br\/novoportal\/?p=94146"},"modified":"2021-04-09T00:12:23","modified_gmt":"2021-04-09T03:12:23","slug":"itapetinga-bares-e-restaurantes-poderao-funcionar-neste-final-de-semana-sem-a-venda-de-bebidas-alcoolicas","status":"publish","type":"post","link":"https:\/\/www.sudoestehoje.com.br\/novoportal\/2021\/04\/09\/itapetinga-bares-e-restaurantes-poderao-funcionar-neste-final-de-semana-sem-a-venda-de-bebidas-alcoolicas\/","title":{"rendered":"ITAPETINGA: BARES E RESTAURANTES PODER\u00c3O FUNCIONAR NESTE FINAL DE SEMANA, SEM A VENDA DE BEBIDAS ALCO\u00d3LICAS"},"content":{"rendered":"<p><a href=\"https:\/\/www.sudoestehoje.com.br\/novoportal\/wp-content\/uploads\/2021\/04\/santa-ceia-1-500x332-1.jpg\"><img loading=\"lazy\" decoding=\"async\" class=\"aligncenter size-full wp-image-94152\" src=\"https:\/\/www.sudoestehoje.com.br\/novoportal\/wp-content\/uploads\/2021\/04\/santa-ceia-1-500x332-1.jpg\" alt=\"\" width=\"500\" height=\"332\" \/><\/a><\/p>\n<p>Os bares e restaurantes poder\u00e3o abrir neste final de semana, em toda a Bahia, mas um decreto do governo do estado, divulgado na ter\u00e7a-feira (6) determinou a proibi\u00e7\u00e3o de venda de bebidas alc\u00f3olicas no s\u00e1bado (10) e no domingo (11). Ou seja: os bares podem abrir, mas n\u00e3o vai rolar a cervejinha gelada.<\/p>\n<p>A medida, segundo o governo, \u00e9 para n\u00e3o ter aglomera\u00e7\u00e3o e consequentemente evitar o cont\u00e1gio da Covid-19. Vale a pena ressaltar que o Toque de Recolher em vigor at\u00e9 o dia 12 de abril come\u00e7a \u00e0s 20 e vai at\u00e9 5 horas, quando todos os estabelecimentos dever\u00e3o encerrar sua atividades.<\/p>\n<p>A prefeitura de Itapetinga vem acompanhando as medidas adotadas pelo governo do estado, j\u00e1 que elas s\u00e3o extensivas a todos os munic\u00edpios baianos.<\/p>\n<p><strong><em>Por Davi Ferraz<\/em><\/strong><\/p>\n","protected":false},"excerpt":{"rendered":"<p>Os bares e restaurantes poder\u00e3o abrir neste final de semana, em toda a Bahia, mas um decreto do governo do estado, divulgado na ter\u00e7a-feira (6) determinou a proibi\u00e7\u00e3o de venda de bebidas alc\u00f3olicas no s\u00e1bado (10) e no domingo (11). Ou seja: os bares podem abrir, mas n\u00e3o vai rolar a cervejinha gelada. A medida, [&hellip;]<\/p>\n","protected":false},"author":2,"featured_media":94152,"comment_status":"open","ping_status":"open","sticky":false,"template":"","format":"standard","meta":{"footnotes":"","_links_to":"","_links_to_target":""},"categories":[1],"tags":[],"class_list":["post-94146","post","type-post","status-publish","format-standard","has-post-thumbnail","hentry","category-geral"],"views":1142,"_links":{"self":[{"href":"https:\/\/www.sudoestehoje.com.br\/novoportal\/wp-json\/wp\/v2\/posts\/94146","targetHints":{"allow":["GET"]}}],"collection":[{"href":"https:\/\/www.sudoestehoje.com.br\/novoportal\/wp-json\/wp\/v2\/posts"}],"about":[{"href":"https:\/\/www.sudoestehoje.com.br\/novoportal\/wp-json\/wp\/v2\/types\/post"}],"author":[{"embeddable":true,"href":"https:\/\/www.sudoestehoje.com.br\/novoportal\/wp-json\/wp\/v2\/users\/2"}],"replies":[{"embeddable":true,"href":"https:\/\/www.sudoestehoje.com.br\/novoportal\/wp-json\/wp\/v2\/comments?post=94146"}],"version-history":[{"count":5,"href":"https:\/\/www.sudoestehoje.com.br\/novoportal\/wp-json\/wp\/v2\/posts\/94146\/revisions"}],"predecessor-version":[{"id":94153,"href":"https:\/\/www.sudoestehoje.com.br\/novoportal\/wp-json\/wp\/v2\/posts\/94146\/revisions\/94153"}],"wp:featuredmedia":[{"embeddable":true,"href":"https:\/\/www.sudoestehoje.com.br\/novoportal\/wp-json\/wp\/v2\/media\/94152"}],"wp:attachment":[{"href":"https:\/\/www.sudoestehoje.com.br\/novoportal\/wp-json\/wp\/v2\/media?parent=94146"}],"wp:term":[{"taxonomy":"category","embeddable":true,"href":"https:\/\/www.sudoestehoje.com.br\/novoportal\/wp-json\/wp\/v2\/categories?post=94146"},{"taxonomy":"post_tag","embeddable":true,"href":"https:\/\/www.sudoestehoje.com.br\/novoportal\/wp-json\/wp\/v2\/tags?post=94146"}],"curies":[{"name":"wp","href":"https:\/\/api.w.org\/{rel}","templated":true}]}}