
{"id":94140,"date":"2021-04-07T19:05:33","date_gmt":"2021-04-07T22:05:33","guid":{"rendered":"https:\/\/www.sudoestehoje.com.br\/novoportal\/?p=94140"},"modified":"2021-04-07T19:05:33","modified_gmt":"2021-04-07T22:05:33","slug":"bahia-tem-novo-recorde-de-obitos-por-covid-19-foram-189-mortes-em-apenas-24-horas","status":"publish","type":"post","link":"https:\/\/www.sudoestehoje.com.br\/novoportal\/2021\/04\/07\/bahia-tem-novo-recorde-de-obitos-por-covid-19-foram-189-mortes-em-apenas-24-horas\/","title":{"rendered":"BAHIA TEM NOVO RECORDE DE \u00d3BITOS POR COVID-19; FORAM 189 MORTES EM APENAS 24 HORAS"},"content":{"rendered":"<p><a href=\"https:\/\/www.sudoestehoje.com.br\/novoportal\/wp-content\/uploads\/2021\/04\/RECORDE-MORTES-BAHIA.jpg\"><img loading=\"lazy\" decoding=\"async\" class=\"aligncenter size-medium wp-image-94143\" src=\"https:\/\/www.sudoestehoje.com.br\/novoportal\/wp-content\/uploads\/2021\/04\/RECORDE-MORTES-BAHIA-500x235.jpg\" alt=\"\" width=\"500\" height=\"235\" srcset=\"https:\/\/www.sudoestehoje.com.br\/novoportal\/wp-content\/uploads\/2021\/04\/RECORDE-MORTES-BAHIA-500x235.jpg 500w, https:\/\/www.sudoestehoje.com.br\/novoportal\/wp-content\/uploads\/2021\/04\/RECORDE-MORTES-BAHIA-700x329.jpg 700w, https:\/\/www.sudoestehoje.com.br\/novoportal\/wp-content\/uploads\/2021\/04\/RECORDE-MORTES-BAHIA-768x361.jpg 768w, https:\/\/www.sudoestehoje.com.br\/novoportal\/wp-content\/uploads\/2021\/04\/RECORDE-MORTES-BAHIA-1536x722.jpg 1536w, https:\/\/www.sudoestehoje.com.br\/novoportal\/wp-content\/uploads\/2021\/04\/RECORDE-MORTES-BAHIA.jpg 1600w\" sizes=\"auto, (max-width: 500px) 100vw, 500px\" \/><\/a><\/p>\n<p>A Bahia registrou 189 mortes por Covid-19 nesta quarta-feira (7), segundo informa\u00e7\u00f5es da Secretaria Estadual da Sa\u00fade (Sesab). De acordo com a pasta, este \u00e9 o maior n\u00famero desde o in\u00edcio da pandemia em um boletim epidemiol\u00f3gico sobre a doen\u00e7a.<\/p>\n<p>O n\u00famero total de \u00f3bitos por Covid-19 na Bahia desde o in\u00edcio da pandemia \u00e9 de 16.107 , representando uma letalidade de 1,95%.<\/p>\n<p>Na Bahia, nas \u00faltimas 24 horas, foram registrados 3.712 casos de Covid-19 (taxa de crescimento de +0,5%) e 3.442 recuperados (+0,4%).<\/p>\n","protected":false},"excerpt":{"rendered":"<p>A Bahia registrou 189 mortes por Covid-19 nesta quarta-feira (7), segundo informa\u00e7\u00f5es da Secretaria Estadual da Sa\u00fade (Sesab). De acordo com a pasta, este \u00e9 o maior n\u00famero desde o in\u00edcio da pandemia em um boletim epidemiol\u00f3gico sobre a doen\u00e7a. O n\u00famero total de \u00f3bitos por Covid-19 na Bahia desde o in\u00edcio da pandemia \u00e9 [&hellip;]<\/p>\n","protected":false},"author":2,"featured_media":94143,"comment_status":"open","ping_status":"open","sticky":false,"template":"","format":"standard","meta":{"footnotes":"","_links_to":"","_links_to_target":""},"categories":[1],"tags":[],"class_list":["post-94140","post","type-post","status-publish","format-standard","has-post-thumbnail","hentry","category-geral"],"views":760,"_links":{"self":[{"href":"https:\/\/www.sudoestehoje.com.br\/novoportal\/wp-json\/wp\/v2\/posts\/94140","targetHints":{"allow":["GET"]}}],"collection":[{"href":"https:\/\/www.sudoestehoje.com.br\/novoportal\/wp-json\/wp\/v2\/posts"}],"about":[{"href":"https:\/\/www.sudoestehoje.com.br\/novoportal\/wp-json\/wp\/v2\/types\/post"}],"author":[{"embeddable":true,"href":"https:\/\/www.sudoestehoje.com.br\/novoportal\/wp-json\/wp\/v2\/users\/2"}],"replies":[{"embeddable":true,"href":"https:\/\/www.sudoestehoje.com.br\/novoportal\/wp-json\/wp\/v2\/comments?post=94140"}],"version-history":[{"count":3,"href":"https:\/\/www.sudoestehoje.com.br\/novoportal\/wp-json\/wp\/v2\/posts\/94140\/revisions"}],"predecessor-version":[{"id":94144,"href":"https:\/\/www.sudoestehoje.com.br\/novoportal\/wp-json\/wp\/v2\/posts\/94140\/revisions\/94144"}],"wp:featuredmedia":[{"embeddable":true,"href":"https:\/\/www.sudoestehoje.com.br\/novoportal\/wp-json\/wp\/v2\/media\/94143"}],"wp:attachment":[{"href":"https:\/\/www.sudoestehoje.com.br\/novoportal\/wp-json\/wp\/v2\/media?parent=94140"}],"wp:term":[{"taxonomy":"category","embeddable":true,"href":"https:\/\/www.sudoestehoje.com.br\/novoportal\/wp-json\/wp\/v2\/categories?post=94140"},{"taxonomy":"post_tag","embeddable":true,"href":"https:\/\/www.sudoestehoje.com.br\/novoportal\/wp-json\/wp\/v2\/tags?post=94140"}],"curies":[{"name":"wp","href":"https:\/\/api.w.org\/{rel}","templated":true}]}}