
{"id":94135,"date":"2021-04-07T17:52:48","date_gmt":"2021-04-07T20:52:48","guid":{"rendered":"https:\/\/www.sudoestehoje.com.br\/novoportal\/?p=94135"},"modified":"2021-04-07T17:52:48","modified_gmt":"2021-04-07T20:52:48","slug":"cdl-informa-que-o-comercio-de-itapetinga-voltara-a-funcionar-aos-sabados","status":"publish","type":"post","link":"https:\/\/www.sudoestehoje.com.br\/novoportal\/2021\/04\/07\/cdl-informa-que-o-comercio-de-itapetinga-voltara-a-funcionar-aos-sabados\/","title":{"rendered":"CDL INFORMA QUE O COM\u00c9RCIO DE ITAPETINGA VOLTAR\u00c1 A FUNCIONAR AOS S\u00c1BADOS."},"content":{"rendered":"<p><a href=\"https:\/\/www.sudoestehoje.com.br\/novoportal\/wp-content\/uploads\/2021\/04\/COMERCIO-ABERTO.jpg\"><img loading=\"lazy\" decoding=\"async\" class=\"aligncenter size-full wp-image-94138\" src=\"https:\/\/www.sudoestehoje.com.br\/novoportal\/wp-content\/uploads\/2021\/04\/COMERCIO-ABERTO.jpg\" alt=\"\" width=\"500\" height=\"375\" \/><\/a><\/p>\n<p>O Governador do Estado, Rui Costa, anunciou ontem em uma rede social que n\u00e3o h\u00e1 previs\u00e3o de lockdown ou endurecimento das medidas restritivas nesse momento. No \u00faltimo Decreto publicado, que promoveu relaxamento de algumas medidas, n\u00e3o previu fechamento do com\u00e9rcio aos s\u00e1bados, assim as atividades comerciais ser\u00e3o retomadas aos s\u00e1bados em seu hor\u00e1rio normal da mesma forma como est\u00e1 ocorrendo desde o in\u00edcio da semana.<\/p>\n<p>As flexibiliza\u00e7\u00f5es conseguidas demonstram a for\u00e7a das nossas entidades representativas que se mantiveram sempre atuantes em defesa de nossa classe.<\/p>\n<p>Em sua live o governador informou ainda que os n\u00fameros da covid19 est\u00e3o em leve queda no estado, mas que \u00e9 preciso que todos tenham a consci\u00eancia da necessidade do uso de m\u00e1scara, distanciamento social e do cumprimento das orienta\u00e7\u00f5es dos \u00f3rg\u00e3o competentes.<\/p>\n<p>O com\u00e9rcio segue firme na responsabilidade da presta\u00e7\u00e3o de servi\u00e7o com seguran\u00e7a como sempre o fez, sendo um dos grandes protagonistas como agentes de boas pr\u00e1ticas no combate ao coronavirus.<\/p>\n","protected":false},"excerpt":{"rendered":"<p>O Governador do Estado, Rui Costa, anunciou ontem em uma rede social que n\u00e3o h\u00e1 previs\u00e3o de lockdown ou endurecimento das medidas restritivas nesse momento. No \u00faltimo Decreto publicado, que promoveu relaxamento de algumas medidas, n\u00e3o previu fechamento do com\u00e9rcio aos s\u00e1bados, assim as atividades comerciais ser\u00e3o retomadas aos s\u00e1bados em seu hor\u00e1rio normal da [&hellip;]<\/p>\n","protected":false},"author":2,"featured_media":94138,"comment_status":"open","ping_status":"open","sticky":false,"template":"","format":"standard","meta":{"footnotes":"","_links_to":"","_links_to_target":""},"categories":[1],"tags":[],"class_list":["post-94135","post","type-post","status-publish","format-standard","has-post-thumbnail","hentry","category-geral"],"views":1048,"_links":{"self":[{"href":"https:\/\/www.sudoestehoje.com.br\/novoportal\/wp-json\/wp\/v2\/posts\/94135","targetHints":{"allow":["GET"]}}],"collection":[{"href":"https:\/\/www.sudoestehoje.com.br\/novoportal\/wp-json\/wp\/v2\/posts"}],"about":[{"href":"https:\/\/www.sudoestehoje.com.br\/novoportal\/wp-json\/wp\/v2\/types\/post"}],"author":[{"embeddable":true,"href":"https:\/\/www.sudoestehoje.com.br\/novoportal\/wp-json\/wp\/v2\/users\/2"}],"replies":[{"embeddable":true,"href":"https:\/\/www.sudoestehoje.com.br\/novoportal\/wp-json\/wp\/v2\/comments?post=94135"}],"version-history":[{"count":3,"href":"https:\/\/www.sudoestehoje.com.br\/novoportal\/wp-json\/wp\/v2\/posts\/94135\/revisions"}],"predecessor-version":[{"id":94139,"href":"https:\/\/www.sudoestehoje.com.br\/novoportal\/wp-json\/wp\/v2\/posts\/94135\/revisions\/94139"}],"wp:featuredmedia":[{"embeddable":true,"href":"https:\/\/www.sudoestehoje.com.br\/novoportal\/wp-json\/wp\/v2\/media\/94138"}],"wp:attachment":[{"href":"https:\/\/www.sudoestehoje.com.br\/novoportal\/wp-json\/wp\/v2\/media?parent=94135"}],"wp:term":[{"taxonomy":"category","embeddable":true,"href":"https:\/\/www.sudoestehoje.com.br\/novoportal\/wp-json\/wp\/v2\/categories?post=94135"},{"taxonomy":"post_tag","embeddable":true,"href":"https:\/\/www.sudoestehoje.com.br\/novoportal\/wp-json\/wp\/v2\/tags?post=94135"}],"curies":[{"name":"wp","href":"https:\/\/api.w.org\/{rel}","templated":true}]}}