
{"id":94110,"date":"2021-04-06T23:27:13","date_gmt":"2021-04-07T02:27:13","guid":{"rendered":"https:\/\/www.sudoestehoje.com.br\/novoportal\/?p=94110"},"modified":"2021-04-06T23:43:27","modified_gmt":"2021-04-07T02:43:27","slug":"itapetinga-buraqueira-da-avenida-julio-rodrigues-volta-a-ser-alvo-de-criticas-por-parte-da-imprensa","status":"publish","type":"post","link":"https:\/\/www.sudoestehoje.com.br\/novoportal\/2021\/04\/06\/itapetinga-buraqueira-da-avenida-julio-rodrigues-volta-a-ser-alvo-de-criticas-por-parte-da-imprensa\/","title":{"rendered":"ITAPETINGA: BURAQUEIRA DA AVENIDA J\u00daLIO RODRIGUES VOLTA A SER ALVO DE CR\u00cdTICAS POR PARTE DA IMPRENSA"},"content":{"rendered":"<p><a href=\"https:\/\/www.sudoestehoje.com.br\/novoportal\/wp-content\/uploads\/2021\/04\/julio-1.jpg\"><img loading=\"lazy\" decoding=\"async\" class=\"aligncenter size-medium wp-image-94116\" src=\"https:\/\/www.sudoestehoje.com.br\/novoportal\/wp-content\/uploads\/2021\/04\/julio-1-500x375.jpg\" alt=\"\" width=\"500\" height=\"375\" srcset=\"https:\/\/www.sudoestehoje.com.br\/novoportal\/wp-content\/uploads\/2021\/04\/julio-1-500x375.jpg 500w, https:\/\/www.sudoestehoje.com.br\/novoportal\/wp-content\/uploads\/2021\/04\/julio-1-700x525.jpg 700w, https:\/\/www.sudoestehoje.com.br\/novoportal\/wp-content\/uploads\/2021\/04\/julio-1-768x576.jpg 768w, https:\/\/www.sudoestehoje.com.br\/novoportal\/wp-content\/uploads\/2021\/04\/julio-1.jpg 1024w\" sizes=\"auto, (max-width: 500px) 100vw, 500px\" \/><\/a><\/p>\n<p>J\u00e1 se arrasta h\u00e1 mais de 4 anos a cobran\u00e7a por parte dos moradores de Itapetinga para que o Governo do Estado recupere o trecho do acesso \u00e0 BA-263, entre a ponte da Rodovi\u00e1ria e a Azaleia, denominada Avenida J\u00falio Jos\u00e9 Rodrigues, por\u00e9m sem nenhuma solu\u00e7\u00e3o.<\/p>\n<p>Depois de promessas de pol\u00edticos do PT e at\u00e9 do pr\u00f3prio governador Rui Costa, representantes do governo do estado tentam agora &#8217;empurrar&#8217; a responsabilidade para o munic\u00edpio, informando que o acesso teria sido &#8220;municipalizado&#8221;.<\/p>\n<p>O <strong><em>Sudoeste Hoje<\/em><\/strong> conversou nesta ter\u00e7a-feira com o secret\u00e1rio municipal da infraestrutura, <strong><em>engenheiro Gustavo David<\/em><\/strong>, que foi taxativo em afirmar que a responsabilidade \u00e9 da Secretaria de Infraestrutura do Estado &#8211; SEINFRA, e que desconhece qualquer documento que comprove a tal <em>&#8220;municipaliza\u00e7\u00e3o&#8221;<\/em>, at\u00e9 porque o munic\u00edpio nunca foi informado de nenhum ato do governo neste sentido.<\/p>\n<p>Enquanto o inoperante e omisso governo de Rui Costa tenta transferir a responsabilidade para a prefeitura, a buraqueira s\u00f3 aumenta e a imprensa local n\u00e3o perdoa.<\/p>\n<p>Pelo visto, em 2022 v\u00e3o sobrar buracos nas rodovias estaduais e seus acessos na regi\u00e3o e faltar votos para os governistas do PT e da base de Rui, como de costume.<\/p>\n<p><strong><em>Por Davi Ferraz<\/em><\/strong><\/p>\n","protected":false},"excerpt":{"rendered":"<p>J\u00e1 se arrasta h\u00e1 mais de 4 anos a cobran\u00e7a por parte dos moradores de Itapetinga para que o Governo do Estado recupere o trecho do acesso \u00e0 BA-263, entre a ponte da Rodovi\u00e1ria e a Azaleia, denominada Avenida J\u00falio Jos\u00e9 Rodrigues, por\u00e9m sem nenhuma solu\u00e7\u00e3o. Depois de promessas de pol\u00edticos do PT e at\u00e9 [&hellip;]<\/p>\n","protected":false},"author":2,"featured_media":94116,"comment_status":"open","ping_status":"open","sticky":false,"template":"","format":"standard","meta":{"footnotes":"","_links_to":"","_links_to_target":""},"categories":[1],"tags":[],"class_list":["post-94110","post","type-post","status-publish","format-standard","has-post-thumbnail","hentry","category-geral"],"views":1206,"_links":{"self":[{"href":"https:\/\/www.sudoestehoje.com.br\/novoportal\/wp-json\/wp\/v2\/posts\/94110","targetHints":{"allow":["GET"]}}],"collection":[{"href":"https:\/\/www.sudoestehoje.com.br\/novoportal\/wp-json\/wp\/v2\/posts"}],"about":[{"href":"https:\/\/www.sudoestehoje.com.br\/novoportal\/wp-json\/wp\/v2\/types\/post"}],"author":[{"embeddable":true,"href":"https:\/\/www.sudoestehoje.com.br\/novoportal\/wp-json\/wp\/v2\/users\/2"}],"replies":[{"embeddable":true,"href":"https:\/\/www.sudoestehoje.com.br\/novoportal\/wp-json\/wp\/v2\/comments?post=94110"}],"version-history":[{"count":7,"href":"https:\/\/www.sudoestehoje.com.br\/novoportal\/wp-json\/wp\/v2\/posts\/94110\/revisions"}],"predecessor-version":[{"id":94118,"href":"https:\/\/www.sudoestehoje.com.br\/novoportal\/wp-json\/wp\/v2\/posts\/94110\/revisions\/94118"}],"wp:featuredmedia":[{"embeddable":true,"href":"https:\/\/www.sudoestehoje.com.br\/novoportal\/wp-json\/wp\/v2\/media\/94116"}],"wp:attachment":[{"href":"https:\/\/www.sudoestehoje.com.br\/novoportal\/wp-json\/wp\/v2\/media?parent=94110"}],"wp:term":[{"taxonomy":"category","embeddable":true,"href":"https:\/\/www.sudoestehoje.com.br\/novoportal\/wp-json\/wp\/v2\/categories?post=94110"},{"taxonomy":"post_tag","embeddable":true,"href":"https:\/\/www.sudoestehoje.com.br\/novoportal\/wp-json\/wp\/v2\/tags?post=94110"}],"curies":[{"name":"wp","href":"https:\/\/api.w.org\/{rel}","templated":true}]}}