
{"id":94098,"date":"2021-04-06T00:02:52","date_gmt":"2021-04-06T03:02:52","guid":{"rendered":"https:\/\/www.sudoestehoje.com.br\/novoportal\/?p=94098"},"modified":"2021-04-06T00:02:52","modified_gmt":"2021-04-06T03:02:52","slug":"itapetinga-ex-prefeito-ze-carlos-sofre-avc-e-e-internado-em-hospital-em-conquista","status":"publish","type":"post","link":"https:\/\/www.sudoestehoje.com.br\/novoportal\/2021\/04\/06\/itapetinga-ex-prefeito-ze-carlos-sofre-avc-e-e-internado-em-hospital-em-conquista\/","title":{"rendered":"ITAPETINGA: EX-PREFEITO Z\u00c9 CARLOS SOFRE AVC E \u00c9 INTERNADO EM HOSPITAL EM CONQUISTA"},"content":{"rendered":"<p><a href=\"https:\/\/www.sudoestehoje.com.br\/novoportal\/wp-content\/uploads\/2021\/04\/ze-carlos-avc.jpg\"><img loading=\"lazy\" decoding=\"async\" class=\"aligncenter size-medium wp-image-94100\" src=\"https:\/\/www.sudoestehoje.com.br\/novoportal\/wp-content\/uploads\/2021\/04\/ze-carlos-avc-500x375.jpg\" alt=\"\" width=\"500\" height=\"375\" srcset=\"https:\/\/www.sudoestehoje.com.br\/novoportal\/wp-content\/uploads\/2021\/04\/ze-carlos-avc-500x375.jpg 500w, https:\/\/www.sudoestehoje.com.br\/novoportal\/wp-content\/uploads\/2021\/04\/ze-carlos-avc.jpg 512w\" sizes=\"auto, (max-width: 500px) 100vw, 500px\" \/><\/a><\/p>\n<p>Neste domingo (4), o ex-prefeito de Itapetinga, Jos\u00e9 Carlos Moura (PT), sofreu um AVC e foi removido com urg\u00eancia para um hospital em Vit\u00f3ria da Conquista, para tratamento.<\/p>\n<p>De acordo com fontes familiares, Z\u00e9 Carlos sofreu uma Isquemia Transit\u00f3ria, sem maior gravidade, e deve se recuperar sem sequelas.<\/p>\n<p>A\u00a0isquemia cerebral\u00a0ou AVC\u00a0isqu\u00eamico\u00a0acontece quando h\u00e1 diminui\u00e7\u00e3o ou aus\u00eancia de fluxo sangu\u00edneo para o c\u00e9rebro, diminuindo assim a quantidade de oxig\u00eanio que chega ao \u00f3rg\u00e3o e caracterizando o quadro de hip\u00f3xia\u00a0cerebral.<\/p>\n<p><strong><em>Reda\u00e7\u00e3o<\/em><\/strong><\/p>\n","protected":false},"excerpt":{"rendered":"<p>Neste domingo (4), o ex-prefeito de Itapetinga, Jos\u00e9 Carlos Moura (PT), sofreu um AVC e foi removido com urg\u00eancia para um hospital em Vit\u00f3ria da Conquista, para tratamento. De acordo com fontes familiares, Z\u00e9 Carlos sofreu uma Isquemia Transit\u00f3ria, sem maior gravidade, e deve se recuperar sem sequelas. A\u00a0isquemia cerebral\u00a0ou AVC\u00a0isqu\u00eamico\u00a0acontece quando h\u00e1 diminui\u00e7\u00e3o ou [&hellip;]<\/p>\n","protected":false},"author":2,"featured_media":94100,"comment_status":"open","ping_status":"open","sticky":false,"template":"","format":"standard","meta":{"footnotes":"","_links_to":"","_links_to_target":""},"categories":[1],"tags":[],"class_list":["post-94098","post","type-post","status-publish","format-standard","has-post-thumbnail","hentry","category-geral"],"views":1416,"_links":{"self":[{"href":"https:\/\/www.sudoestehoje.com.br\/novoportal\/wp-json\/wp\/v2\/posts\/94098","targetHints":{"allow":["GET"]}}],"collection":[{"href":"https:\/\/www.sudoestehoje.com.br\/novoportal\/wp-json\/wp\/v2\/posts"}],"about":[{"href":"https:\/\/www.sudoestehoje.com.br\/novoportal\/wp-json\/wp\/v2\/types\/post"}],"author":[{"embeddable":true,"href":"https:\/\/www.sudoestehoje.com.br\/novoportal\/wp-json\/wp\/v2\/users\/2"}],"replies":[{"embeddable":true,"href":"https:\/\/www.sudoestehoje.com.br\/novoportal\/wp-json\/wp\/v2\/comments?post=94098"}],"version-history":[{"count":2,"href":"https:\/\/www.sudoestehoje.com.br\/novoportal\/wp-json\/wp\/v2\/posts\/94098\/revisions"}],"predecessor-version":[{"id":94101,"href":"https:\/\/www.sudoestehoje.com.br\/novoportal\/wp-json\/wp\/v2\/posts\/94098\/revisions\/94101"}],"wp:featuredmedia":[{"embeddable":true,"href":"https:\/\/www.sudoestehoje.com.br\/novoportal\/wp-json\/wp\/v2\/media\/94100"}],"wp:attachment":[{"href":"https:\/\/www.sudoestehoje.com.br\/novoportal\/wp-json\/wp\/v2\/media?parent=94098"}],"wp:term":[{"taxonomy":"category","embeddable":true,"href":"https:\/\/www.sudoestehoje.com.br\/novoportal\/wp-json\/wp\/v2\/categories?post=94098"},{"taxonomy":"post_tag","embeddable":true,"href":"https:\/\/www.sudoestehoje.com.br\/novoportal\/wp-json\/wp\/v2\/tags?post=94098"}],"curies":[{"name":"wp","href":"https:\/\/api.w.org\/{rel}","templated":true}]}}