
{"id":94086,"date":"2021-04-05T13:51:27","date_gmt":"2021-04-05T16:51:27","guid":{"rendered":"https:\/\/www.sudoestehoje.com.br\/novoportal\/?p=94086"},"modified":"2021-04-05T13:51:27","modified_gmt":"2021-04-05T16:51:27","slug":"petrobras-anuncia-alta-de-39-no-gas-natural-a-partir-de-1o-de-maio","status":"publish","type":"post","link":"https:\/\/www.sudoestehoje.com.br\/novoportal\/2021\/04\/05\/petrobras-anuncia-alta-de-39-no-gas-natural-a-partir-de-1o-de-maio\/","title":{"rendered":"PETROBRAS ANUNCIA ALTA DE 39% NO G\u00c1S NATURAL A PARTIR DE 1\u00ba DE MAIO"},"content":{"rendered":"<p><a href=\"https:\/\/www.sudoestehoje.com.br\/novoportal\/wp-content\/uploads\/2021\/04\/G\u00c1S-1.jpg\"><img loading=\"lazy\" decoding=\"async\" class=\"aligncenter size-medium wp-image-94088\" src=\"https:\/\/www.sudoestehoje.com.br\/novoportal\/wp-content\/uploads\/2021\/04\/G\u00c1S-1-500x294.jpg\" alt=\"\" width=\"500\" height=\"294\" srcset=\"https:\/\/www.sudoestehoje.com.br\/novoportal\/wp-content\/uploads\/2021\/04\/G\u00c1S-1-500x294.jpg 500w, https:\/\/www.sudoestehoje.com.br\/novoportal\/wp-content\/uploads\/2021\/04\/G\u00c1S-1.jpg 510w\" sizes=\"auto, (max-width: 500px) 100vw, 500px\" \/><\/a><\/p>\n<p>A Petrobras informou ao mercado nesta segunda-feira, 5 de abril, que os pre\u00e7os de venda do g\u00e1s natural para as distribuidoras ter\u00e3o aumento de 39% a partir do dia 1\u00ba de maio.<\/p>\n<p>Medido em d\u00f3lares, o aumento ser\u00e1 de 32%. &#8220;A varia\u00e7\u00e3o decorre da aplica\u00e7\u00e3o das f\u00f3rmulas dos contratos de fornecimento, que vinculam o pre\u00e7o \u00e0 cota\u00e7\u00e3o do petr\u00f3leo e \u00e0 taxa de c\u00e2mbio&#8221;, diz a petrol\u00edfera.<\/p>\n<p>A empresa destaca que as atualiza\u00e7\u00f5es dos pre\u00e7os dos contratos s\u00e3o trimestrais, ou seja, para o per\u00edodo e maio, julho e julho a refer\u00eancia s\u00e3o os pre\u00e7os dos meses de janeiro, fevereiro e mar\u00e7o, quando o petr\u00f3leo teve alta de 38%.<\/p>\n","protected":false},"excerpt":{"rendered":"<p>A Petrobras informou ao mercado nesta segunda-feira, 5 de abril, que os pre\u00e7os de venda do g\u00e1s natural para as distribuidoras ter\u00e3o aumento de 39% a partir do dia 1\u00ba de maio. Medido em d\u00f3lares, o aumento ser\u00e1 de 32%. &#8220;A varia\u00e7\u00e3o decorre da aplica\u00e7\u00e3o das f\u00f3rmulas dos contratos de fornecimento, que vinculam o pre\u00e7o [&hellip;]<\/p>\n","protected":false},"author":2,"featured_media":94088,"comment_status":"open","ping_status":"open","sticky":false,"template":"","format":"standard","meta":{"footnotes":"","_links_to":"","_links_to_target":""},"categories":[1],"tags":[],"class_list":["post-94086","post","type-post","status-publish","format-standard","has-post-thumbnail","hentry","category-geral"],"views":881,"_links":{"self":[{"href":"https:\/\/www.sudoestehoje.com.br\/novoportal\/wp-json\/wp\/v2\/posts\/94086","targetHints":{"allow":["GET"]}}],"collection":[{"href":"https:\/\/www.sudoestehoje.com.br\/novoportal\/wp-json\/wp\/v2\/posts"}],"about":[{"href":"https:\/\/www.sudoestehoje.com.br\/novoportal\/wp-json\/wp\/v2\/types\/post"}],"author":[{"embeddable":true,"href":"https:\/\/www.sudoestehoje.com.br\/novoportal\/wp-json\/wp\/v2\/users\/2"}],"replies":[{"embeddable":true,"href":"https:\/\/www.sudoestehoje.com.br\/novoportal\/wp-json\/wp\/v2\/comments?post=94086"}],"version-history":[{"count":2,"href":"https:\/\/www.sudoestehoje.com.br\/novoportal\/wp-json\/wp\/v2\/posts\/94086\/revisions"}],"predecessor-version":[{"id":94090,"href":"https:\/\/www.sudoestehoje.com.br\/novoportal\/wp-json\/wp\/v2\/posts\/94086\/revisions\/94090"}],"wp:featuredmedia":[{"embeddable":true,"href":"https:\/\/www.sudoestehoje.com.br\/novoportal\/wp-json\/wp\/v2\/media\/94088"}],"wp:attachment":[{"href":"https:\/\/www.sudoestehoje.com.br\/novoportal\/wp-json\/wp\/v2\/media?parent=94086"}],"wp:term":[{"taxonomy":"category","embeddable":true,"href":"https:\/\/www.sudoestehoje.com.br\/novoportal\/wp-json\/wp\/v2\/categories?post=94086"},{"taxonomy":"post_tag","embeddable":true,"href":"https:\/\/www.sudoestehoje.com.br\/novoportal\/wp-json\/wp\/v2\/tags?post=94086"}],"curies":[{"name":"wp","href":"https:\/\/api.w.org\/{rel}","templated":true}]}}