
{"id":94072,"date":"2021-04-03T17:25:45","date_gmt":"2021-04-03T20:25:45","guid":{"rendered":"https:\/\/www.sudoestehoje.com.br\/novoportal\/?p=94072"},"modified":"2021-04-03T17:25:45","modified_gmt":"2021-04-03T20:25:45","slug":"morre-o-cantor-agnaldo-timoteo-apos-receber-2a-dose-da-vacina-contra-covid-19","status":"publish","type":"post","link":"https:\/\/www.sudoestehoje.com.br\/novoportal\/2021\/04\/03\/morre-o-cantor-agnaldo-timoteo-apos-receber-2a-dose-da-vacina-contra-covid-19\/","title":{"rendered":"MORRE O CANTOR AGNALDO TIM\u00d3TEO, AP\u00d3S RECEBER 2\u00aa DOSE DA VACINA CONTRA COVID-19"},"content":{"rendered":"<p><a href=\"https:\/\/www.sudoestehoje.com.br\/novoportal\/wp-content\/uploads\/2021\/04\/o-cantor-agnaldo-timoteo-440732.jpg\"><img loading=\"lazy\" decoding=\"async\" class=\"aligncenter size-medium wp-image-94075\" src=\"https:\/\/www.sudoestehoje.com.br\/novoportal\/wp-content\/uploads\/2021\/04\/o-cantor-agnaldo-timoteo-440732-500x282.jpg\" alt=\"\" width=\"500\" height=\"282\" srcset=\"https:\/\/www.sudoestehoje.com.br\/novoportal\/wp-content\/uploads\/2021\/04\/o-cantor-agnaldo-timoteo-440732-500x282.jpg 500w, https:\/\/www.sudoestehoje.com.br\/novoportal\/wp-content\/uploads\/2021\/04\/o-cantor-agnaldo-timoteo-440732-700x395.jpg 700w, https:\/\/www.sudoestehoje.com.br\/novoportal\/wp-content\/uploads\/2021\/04\/o-cantor-agnaldo-timoteo-440732-768x434.jpg 768w, https:\/\/www.sudoestehoje.com.br\/novoportal\/wp-content\/uploads\/2021\/04\/o-cantor-agnaldo-timoteo-440732.jpg 816w\" sizes=\"auto, (max-width: 500px) 100vw, 500px\" \/><\/a><\/p>\n<p>O cantor\u00a0Agnaldo Tim\u00f3teo, uma das vozes mais conhecidas da m\u00fasica rom\u00e2ntica brasileira, morreu de Covid, ap\u00f3s 21 dias de interna\u00e7\u00e3o, neste s\u00e1bado (3) no Rio. Ele tinha 84 anos.<\/p>\n<p>O cantor iniciou a carreira na d\u00e9cada de 1960 e se consolidou com can\u00e7\u00f5es rom\u00e2nticas. Na pol\u00edtica, teve mandatos como deputado federal e vereador em S\u00e3o Paulo e no Rio de Janeiro.<\/p>\n<p>Agnaldo estava\u00a0internado desde o dia 17 de mar\u00e7o\u00a0na UTI do Hospital Casa S\u00e3o Bernardo, na Zona Oeste do Rio. M\u00e9dicos acreditam que o artista de 84 anos <strong>contraiu o coronav\u00edrus no intervalo entre a primeira e a segunda dose da vacina.<\/strong><\/p>\n","protected":false},"excerpt":{"rendered":"<p>O cantor\u00a0Agnaldo Tim\u00f3teo, uma das vozes mais conhecidas da m\u00fasica rom\u00e2ntica brasileira, morreu de Covid, ap\u00f3s 21 dias de interna\u00e7\u00e3o, neste s\u00e1bado (3) no Rio. Ele tinha 84 anos. O cantor iniciou a carreira na d\u00e9cada de 1960 e se consolidou com can\u00e7\u00f5es rom\u00e2nticas. Na pol\u00edtica, teve mandatos como deputado federal e vereador em S\u00e3o [&hellip;]<\/p>\n","protected":false},"author":2,"featured_media":94075,"comment_status":"open","ping_status":"open","sticky":false,"template":"","format":"standard","meta":{"footnotes":"","_links_to":"","_links_to_target":""},"categories":[1],"tags":[],"class_list":["post-94072","post","type-post","status-publish","format-standard","has-post-thumbnail","hentry","category-geral"],"views":835,"_links":{"self":[{"href":"https:\/\/www.sudoestehoje.com.br\/novoportal\/wp-json\/wp\/v2\/posts\/94072","targetHints":{"allow":["GET"]}}],"collection":[{"href":"https:\/\/www.sudoestehoje.com.br\/novoportal\/wp-json\/wp\/v2\/posts"}],"about":[{"href":"https:\/\/www.sudoestehoje.com.br\/novoportal\/wp-json\/wp\/v2\/types\/post"}],"author":[{"embeddable":true,"href":"https:\/\/www.sudoestehoje.com.br\/novoportal\/wp-json\/wp\/v2\/users\/2"}],"replies":[{"embeddable":true,"href":"https:\/\/www.sudoestehoje.com.br\/novoportal\/wp-json\/wp\/v2\/comments?post=94072"}],"version-history":[{"count":3,"href":"https:\/\/www.sudoestehoje.com.br\/novoportal\/wp-json\/wp\/v2\/posts\/94072\/revisions"}],"predecessor-version":[{"id":94076,"href":"https:\/\/www.sudoestehoje.com.br\/novoportal\/wp-json\/wp\/v2\/posts\/94072\/revisions\/94076"}],"wp:featuredmedia":[{"embeddable":true,"href":"https:\/\/www.sudoestehoje.com.br\/novoportal\/wp-json\/wp\/v2\/media\/94075"}],"wp:attachment":[{"href":"https:\/\/www.sudoestehoje.com.br\/novoportal\/wp-json\/wp\/v2\/media?parent=94072"}],"wp:term":[{"taxonomy":"category","embeddable":true,"href":"https:\/\/www.sudoestehoje.com.br\/novoportal\/wp-json\/wp\/v2\/categories?post=94072"},{"taxonomy":"post_tag","embeddable":true,"href":"https:\/\/www.sudoestehoje.com.br\/novoportal\/wp-json\/wp\/v2\/tags?post=94072"}],"curies":[{"name":"wp","href":"https:\/\/api.w.org\/{rel}","templated":true}]}}