
{"id":94068,"date":"2021-04-03T17:13:50","date_gmt":"2021-04-03T20:13:50","guid":{"rendered":"https:\/\/www.sudoestehoje.com.br\/novoportal\/?p=94068"},"modified":"2021-04-03T17:29:44","modified_gmt":"2021-04-03T20:29:44","slug":"ubata-empresario-suspeito-estupro-e-encontrado-morto-dentro-de-casa","status":"publish","type":"post","link":"https:\/\/www.sudoestehoje.com.br\/novoportal\/2021\/04\/03\/ubata-empresario-suspeito-estupro-e-encontrado-morto-dentro-de-casa\/","title":{"rendered":"UBAT\u00c3: EMPRES\u00c1RIO SUSPEITO DE ESTUPRO \u00c9 ENCONTRADO MORTO DENTRO DE CASA"},"content":{"rendered":"<p><a href=\"https:\/\/www.sudoestehoje.com.br\/novoportal\/wp-content\/uploads\/2021\/03\/UBAT\u00c3-EMPRES\u00c1RIO.jpg\"><img loading=\"lazy\" decoding=\"async\" class=\"aligncenter size-medium wp-image-94019\" src=\"https:\/\/www.sudoestehoje.com.br\/novoportal\/wp-content\/uploads\/2021\/03\/UBAT\u00c3-EMPRES\u00c1RIO-500x263.jpg\" alt=\"\" width=\"500\" height=\"263\" srcset=\"https:\/\/www.sudoestehoje.com.br\/novoportal\/wp-content\/uploads\/2021\/03\/UBAT\u00c3-EMPRES\u00c1RIO-500x263.jpg 500w, https:\/\/www.sudoestehoje.com.br\/novoportal\/wp-content\/uploads\/2021\/03\/UBAT\u00c3-EMPRES\u00c1RIO-700x368.jpg 700w, https:\/\/www.sudoestehoje.com.br\/novoportal\/wp-content\/uploads\/2021\/03\/UBAT\u00c3-EMPRES\u00c1RIO-768x403.jpg 768w, https:\/\/www.sudoestehoje.com.br\/novoportal\/wp-content\/uploads\/2021\/03\/UBAT\u00c3-EMPRES\u00c1RIO.jpg 1200w\" sizes=\"auto, (max-width: 500px) 100vw, 500px\" \/><\/a><\/p>\n<p>O empres\u00e1rio Eugenildo de Almeida Nunes foi encontrado morto em sua casa, em Ubat\u00e3, na manh\u00e3 deste s\u00e1bado (3). Ele teria cometido suic\u00eddio. As informa\u00e7\u00f5es s\u00e3o dos sites Ubat\u00e3 Not\u00edcias e Giro Ipia\u00fa.<\/p>\n<p>Na \u00faltima ter\u00e7a-feira (30), a\u00a0casa do empres\u00e1rio foi alvo de mandados de busca e apreens\u00e3o cumpridos pela Pol\u00edcia Civil\u00a0no \u00e2mbito de investiga\u00e7\u00f5es de suposto crime de estupro de vulner\u00e1vel, do qual Eugenildo era suspeito.<\/p>\n<p>As buscas envolveram tamb\u00e9m investigadores do Grupo de Atua\u00e7\u00e3o Especial de Combate ao Crime Organizado (Gaeco), do Minist\u00e9rio P\u00fablico do Estado da Bahia (MP-BA). Desde o dia da opera\u00e7\u00e3o, Eugenildo passou a ser considerado foragido da Justi\u00e7a, por causa de mandado de pris\u00e3o aberto contra ele.<\/p>\n<p>Imagem de uma carta \u2013 supostamente escrita pelo empres\u00e1rio \u2013 circula nas redes sociais. O texto, de autoria n\u00e3o confirmada, aborda as suspeitas que pairavam sobre Eugenildo, como ele era mais conhecido.<\/p>\n<p>O empres\u00e1rio fez fortuna com investimentos em diversas atividades econ\u00f4micas, a exemplo de postos de combust\u00edveis, hot\u00e9is e fazendas.<\/p>\n","protected":false},"excerpt":{"rendered":"<p>O empres\u00e1rio Eugenildo de Almeida Nunes foi encontrado morto em sua casa, em Ubat\u00e3, na manh\u00e3 deste s\u00e1bado (3). Ele teria cometido suic\u00eddio. As informa\u00e7\u00f5es s\u00e3o dos sites Ubat\u00e3 Not\u00edcias e Giro Ipia\u00fa. Na \u00faltima ter\u00e7a-feira (30), a\u00a0casa do empres\u00e1rio foi alvo de mandados de busca e apreens\u00e3o cumpridos pela Pol\u00edcia Civil\u00a0no \u00e2mbito de investiga\u00e7\u00f5es [&hellip;]<\/p>\n","protected":false},"author":2,"featured_media":94019,"comment_status":"open","ping_status":"open","sticky":false,"template":"","format":"standard","meta":{"footnotes":"","_links_to":"","_links_to_target":""},"categories":[1],"tags":[],"class_list":["post-94068","post","type-post","status-publish","format-standard","has-post-thumbnail","hentry","category-geral"],"views":972,"_links":{"self":[{"href":"https:\/\/www.sudoestehoje.com.br\/novoportal\/wp-json\/wp\/v2\/posts\/94068","targetHints":{"allow":["GET"]}}],"collection":[{"href":"https:\/\/www.sudoestehoje.com.br\/novoportal\/wp-json\/wp\/v2\/posts"}],"about":[{"href":"https:\/\/www.sudoestehoje.com.br\/novoportal\/wp-json\/wp\/v2\/types\/post"}],"author":[{"embeddable":true,"href":"https:\/\/www.sudoestehoje.com.br\/novoportal\/wp-json\/wp\/v2\/users\/2"}],"replies":[{"embeddable":true,"href":"https:\/\/www.sudoestehoje.com.br\/novoportal\/wp-json\/wp\/v2\/comments?post=94068"}],"version-history":[{"count":4,"href":"https:\/\/www.sudoestehoje.com.br\/novoportal\/wp-json\/wp\/v2\/posts\/94068\/revisions"}],"predecessor-version":[{"id":94077,"href":"https:\/\/www.sudoestehoje.com.br\/novoportal\/wp-json\/wp\/v2\/posts\/94068\/revisions\/94077"}],"wp:featuredmedia":[{"embeddable":true,"href":"https:\/\/www.sudoestehoje.com.br\/novoportal\/wp-json\/wp\/v2\/media\/94019"}],"wp:attachment":[{"href":"https:\/\/www.sudoestehoje.com.br\/novoportal\/wp-json\/wp\/v2\/media?parent=94068"}],"wp:term":[{"taxonomy":"category","embeddable":true,"href":"https:\/\/www.sudoestehoje.com.br\/novoportal\/wp-json\/wp\/v2\/categories?post=94068"},{"taxonomy":"post_tag","embeddable":true,"href":"https:\/\/www.sudoestehoje.com.br\/novoportal\/wp-json\/wp\/v2\/tags?post=94068"}],"curies":[{"name":"wp","href":"https:\/\/api.w.org\/{rel}","templated":true}]}}